{"id":1300,"date":"2010-04-08T19:00:55","date_gmt":"2010-04-08T17:00:55","guid":{"rendered":"http:\/\/andrea.tomitsch.net\/?p=1300"},"modified":"2020-12-28T08:49:50","modified_gmt":"2020-12-28T07:49:50","slug":"zeit-und-werkzeugen","status":"publish","type":"post","link":"https:\/\/andrea.tomitsch.net\/en\/2010\/04\/zeit-und-werkzeugen\/","title":{"rendered":"&#8220;ZEIT-und WERKZEUGEN&#8221; K\u00fcnstlerhaus Graz"},"content":{"rendered":"\n<p>Jubil\u00e4umsausstellung:<\/p>\n\n\n\n<p>110 Jahre Vereinigung Bildender K\u00fcnstler Steiermarks<\/p>\n\n\n\n<!--more-->\n\n\n\n<p><strong>Andrea Renate Tomitsch<\/strong> stellte Werke, aus verschiedenen Schaffensperioden, f\u00fcr diese Schau, zur Verf\u00fcgung.&nbsp;<a href=\"http:\/\/andrea.tomitsch.net\/kategorie\/werke\/malerei\/\">Malerei<\/a><\/p>\n\n\n\n<p>Vernissage: 8. April 2010<\/p>\n\n\n\n<p>Begr\u00fc\u00dfung:<br><strong>Mag. Anna Geiger<\/strong>, Pr\u00e4sidentin<\/p>\n\n\n\n<p>Er\u00f6ffnung:<br><strong>Dr. Ilse Reinprecht<\/strong>, Abgeordnete zum Landtag Stmk.<br><strong>Dr. Peter Piffl-Percevic<\/strong>,<strong>&nbsp;<\/strong>Gemeinderat<\/p>\n\n\n\n<p>ReferentIn:<br><strong>Mag. Karin Derler<\/strong>, Bundesdenkmalamt<br><strong>Prof. MMag. Oswald Seitinger<\/strong>, Ortweinschule<\/p>\n\n\n\n<p>Musik:<br><strong>Bernd Kohlhofer, Joel Hainzl<\/strong><\/p>\n\n\n\n<p>W\u00e4hrend der Ausstellung fanden Workshops (Proportionsstudien mit K\u00fcnstlerInnen der Vereinigung) statt.<\/p>\n\n\n\n<figure class=\"wp-block-gallery columns-3 is-cropped wp-block-gallery-1 is-layout-flex wp-block-gallery-is-layout-flex\"><ul class=\"blocks-gallery-grid\"><li class=\"blocks-gallery-item\"><figure><img data-recalc-dims=\"1\" loading=\"lazy\" decoding=\"async\" width=\"1140\" height=\"853\" data-attachment-id=\"1313\" data-permalink=\"https:\/\/andrea.tomitsch.net\/en\/2010\/04\/zeit-und-werkzeugen\/sanyo-digital-camera-34\/\" data-orig-file=\"https:\/\/i0.wp.com\/andrea.tomitsch.net\/wp-content\/uploads\/2018\/05\/Vernissage-im-K%C3%BCnstlerhaus-013.jpg?fit=2288%2C1712&amp;ssl=1\" data-orig-size=\"2288,1712\" data-comments-opened=\"0\" data-image-meta=\"{&quot;aperture&quot;:&quot;3&quot;,&quot;credit&quot;:&quot;&quot;,&quot;camera&quot;:&quot;S4&quot;,&quot;caption&quot;:&quot;SANYO DIGITAL CAMERA&quot;,&quot;created_timestamp&quot;:&quot;1270753652&quot;,&quot;copyright&quot;:&quot;&quot;,&quot;focal_length&quot;:&quot;6.2&quot;,&quot;iso&quot;:&quot;177&quot;,&quot;shutter_speed&quot;:&quot;0.033333333333333&quot;,&quot;title&quot;:&quot;SANYO DIGITAL CAMERA&quot;,&quot;orientation&quot;:&quot;1&quot;}\" data-image-title=\"&amp;#8220;ZEIT-und WERKZEUGEN&amp;#8221; K\u00fcnstlerhaus Graz\" data-image-description=\"\" data-image-caption=\"&lt;p&gt;Ansprachen&lt;\/p&gt;\n\" data-large-file=\"https:\/\/i0.wp.com\/andrea.tomitsch.net\/wp-content\/uploads\/2018\/05\/Vernissage-im-K%C3%BCnstlerhaus-013.jpg?fit=1024%2C766&amp;ssl=1\" src=\"https:\/\/i0.wp.com\/andrea.tomitsch.net\/wp-content\/uploads\/2018\/05\/Vernissage-im-K%C3%BCnstlerhaus-013.jpg?resize=1140%2C853&#038;ssl=1\" alt=\"\" data-id=\"1313\" class=\"wp-image-1313\" srcset=\"https:\/\/i0.wp.com\/andrea.tomitsch.net\/wp-content\/uploads\/2018\/05\/Vernissage-im-K%C3%BCnstlerhaus-013.jpg?w=2288&amp;ssl=1 2288w, https:\/\/i0.wp.com\/andrea.tomitsch.net\/wp-content\/uploads\/2018\/05\/Vernissage-im-K%C3%BCnstlerhaus-013.jpg?resize=300%2C224&amp;ssl=1 300w, https:\/\/i0.wp.com\/andrea.tomitsch.net\/wp-content\/uploads\/2018\/05\/Vernissage-im-K%C3%BCnstlerhaus-013.jpg?resize=768%2C575&amp;ssl=1 768w, https:\/\/i0.wp.com\/andrea.tomitsch.net\/wp-content\/uploads\/2018\/05\/Vernissage-im-K%C3%BCnstlerhaus-013.jpg?resize=1024%2C766&amp;ssl=1 1024w\" sizes=\"auto, (max-width: 1140px) 100vw, 1140px\" \/><\/figure><\/li><li class=\"blocks-gallery-item\"><figure><img data-recalc-dims=\"1\" loading=\"lazy\" decoding=\"async\" width=\"1140\" height=\"853\" data-attachment-id=\"1310\" data-permalink=\"https:\/\/andrea.tomitsch.net\/en\/2010\/04\/zeit-und-werkzeugen\/sanyo-digital-camera-31\/\" data-orig-file=\"https:\/\/i0.wp.com\/andrea.tomitsch.net\/wp-content\/uploads\/2018\/05\/Vernissage-im-K%C3%BCnstlerhaus-009.jpg?fit=2288%2C1712&amp;ssl=1\" data-orig-size=\"2288,1712\" data-comments-opened=\"0\" data-image-meta=\"{&quot;aperture&quot;:&quot;3&quot;,&quot;credit&quot;:&quot;&quot;,&quot;camera&quot;:&quot;S4&quot;,&quot;caption&quot;:&quot;SANYO DIGITAL CAMERA&quot;,&quot;created_timestamp&quot;:&quot;1270753458&quot;,&quot;copyright&quot;:&quot;&quot;,&quot;focal_length&quot;:&quot;6.2&quot;,&quot;iso&quot;:&quot;137&quot;,&quot;shutter_speed&quot;:&quot;0.033333333333333&quot;,&quot;title&quot;:&quot;SANYO DIGITAL CAMERA&quot;,&quot;orientation&quot;:&quot;1&quot;}\" data-image-title=\"&amp;#8220;ZEIT-und WERKZEUGEN&amp;#8221; K\u00fcnstlerhaus Graz\" data-image-description=\"\" data-image-caption=\"&lt;p&gt;Ansprachen&lt;\/p&gt;\n\" data-large-file=\"https:\/\/i0.wp.com\/andrea.tomitsch.net\/wp-content\/uploads\/2018\/05\/Vernissage-im-K%C3%BCnstlerhaus-009.jpg?fit=1024%2C766&amp;ssl=1\" src=\"https:\/\/i0.wp.com\/andrea.tomitsch.net\/wp-content\/uploads\/2018\/05\/Vernissage-im-K%C3%BCnstlerhaus-009.jpg?resize=1140%2C853&#038;ssl=1\" alt=\"\" data-id=\"1310\" class=\"wp-image-1310\" srcset=\"https:\/\/i0.wp.com\/andrea.tomitsch.net\/wp-content\/uploads\/2018\/05\/Vernissage-im-K%C3%BCnstlerhaus-009.jpg?w=2288&amp;ssl=1 2288w, https:\/\/i0.wp.com\/andrea.tomitsch.net\/wp-content\/uploads\/2018\/05\/Vernissage-im-K%C3%BCnstlerhaus-009.jpg?resize=300%2C224&amp;ssl=1 300w, https:\/\/i0.wp.com\/andrea.tomitsch.net\/wp-content\/uploads\/2018\/05\/Vernissage-im-K%C3%BCnstlerhaus-009.jpg?resize=768%2C575&amp;ssl=1 768w, https:\/\/i0.wp.com\/andrea.tomitsch.net\/wp-content\/uploads\/2018\/05\/Vernissage-im-K%C3%BCnstlerhaus-009.jpg?resize=1024%2C766&amp;ssl=1 1024w\" sizes=\"auto, (max-width: 1140px) 100vw, 1140px\" \/><\/figure><\/li><li class=\"blocks-gallery-item\"><figure><img data-recalc-dims=\"1\" loading=\"lazy\" decoding=\"async\" width=\"1140\" height=\"853\" data-attachment-id=\"1318\" data-permalink=\"https:\/\/andrea.tomitsch.net\/en\/2010\/04\/zeit-und-werkzeugen\/sanyo-digital-camera-39\/\" data-orig-file=\"https:\/\/i0.wp.com\/andrea.tomitsch.net\/wp-content\/uploads\/2018\/05\/Vernissage-im-K%C3%BCnstlerhaus-025.jpg?fit=2288%2C1712&amp;ssl=1\" data-orig-size=\"2288,1712\" data-comments-opened=\"0\" data-image-meta=\"{&quot;aperture&quot;:&quot;4.1&quot;,&quot;credit&quot;:&quot;&quot;,&quot;camera&quot;:&quot;S4&quot;,&quot;caption&quot;:&quot;SANYO DIGITAL CAMERA&quot;,&quot;created_timestamp&quot;:&quot;1270753906&quot;,&quot;copyright&quot;:&quot;&quot;,&quot;focal_length&quot;:&quot;11.8&quot;,&quot;iso&quot;:&quot;200&quot;,&quot;shutter_speed&quot;:&quot;0.017482517482517&quot;,&quot;title&quot;:&quot;SANYO DIGITAL CAMERA&quot;,&quot;orientation&quot;:&quot;1&quot;}\" data-image-title=\"&amp;#8220;ZEIT-und WERKZEUGEN&amp;#8221; K\u00fcnstlerhaus Graz\" data-image-description=\"\" data-image-caption=\"&lt;p&gt;Ansprachen&lt;\/p&gt;\n\" data-large-file=\"https:\/\/i0.wp.com\/andrea.tomitsch.net\/wp-content\/uploads\/2018\/05\/Vernissage-im-K%C3%BCnstlerhaus-025.jpg?fit=1024%2C766&amp;ssl=1\" src=\"https:\/\/i0.wp.com\/andrea.tomitsch.net\/wp-content\/uploads\/2018\/05\/Vernissage-im-K%C3%BCnstlerhaus-025.jpg?resize=1140%2C853&#038;ssl=1\" alt=\"\" data-id=\"1318\" class=\"wp-image-1318\" srcset=\"https:\/\/i0.wp.com\/andrea.tomitsch.net\/wp-content\/uploads\/2018\/05\/Vernissage-im-K%C3%BCnstlerhaus-025.jpg?w=2288&amp;ssl=1 2288w, https:\/\/i0.wp.com\/andrea.tomitsch.net\/wp-content\/uploads\/2018\/05\/Vernissage-im-K%C3%BCnstlerhaus-025.jpg?resize=300%2C224&amp;ssl=1 300w, https:\/\/i0.wp.com\/andrea.tomitsch.net\/wp-content\/uploads\/2018\/05\/Vernissage-im-K%C3%BCnstlerhaus-025.jpg?resize=768%2C575&amp;ssl=1 768w, https:\/\/i0.wp.com\/andrea.tomitsch.net\/wp-content\/uploads\/2018\/05\/Vernissage-im-K%C3%BCnstlerhaus-025.jpg?resize=1024%2C766&amp;ssl=1 1024w\" sizes=\"auto, (max-width: 1140px) 100vw, 1140px\" \/><\/figure><\/li><li class=\"blocks-gallery-item\"><figure><img data-recalc-dims=\"1\" loading=\"lazy\" decoding=\"async\" width=\"1140\" height=\"853\" data-attachment-id=\"1323\" data-permalink=\"https:\/\/andrea.tomitsch.net\/en\/2010\/04\/zeit-und-werkzeugen\/sanyo-digital-camera-44\/\" data-orig-file=\"https:\/\/i0.wp.com\/andrea.tomitsch.net\/wp-content\/uploads\/2018\/05\/Andrea-R-Tomitsch-im-K%C3%BCnstlerhaus.jpg?fit=2288%2C1712&amp;ssl=1\" data-orig-size=\"2288,1712\" data-comments-opened=\"0\" data-image-meta=\"{&quot;aperture&quot;:&quot;3&quot;,&quot;credit&quot;:&quot;&quot;,&quot;camera&quot;:&quot;S4&quot;,&quot;caption&quot;:&quot;SANYO DIGITAL CAMERA&quot;,&quot;created_timestamp&quot;:&quot;1270753312&quot;,&quot;copyright&quot;:&quot;&quot;,&quot;focal_length&quot;:&quot;6.2&quot;,&quot;iso&quot;:&quot;153&quot;,&quot;shutter_speed&quot;:&quot;0.033333333333333&quot;,&quot;title&quot;:&quot;SANYO DIGITAL CAMERA&quot;,&quot;orientation&quot;:&quot;1&quot;}\" data-image-title=\"&amp;#8220;ZEIT-und WERKZEUGEN&amp;#8221; K\u00fcnstlerhaus Graz\" data-image-description=\"\" data-image-caption=\"&lt;p&gt;Vernissage&lt;\/p&gt;\n\" data-large-file=\"https:\/\/i0.wp.com\/andrea.tomitsch.net\/wp-content\/uploads\/2018\/05\/Andrea-R-Tomitsch-im-K%C3%BCnstlerhaus.jpg?fit=1024%2C766&amp;ssl=1\" src=\"https:\/\/i0.wp.com\/andrea.tomitsch.net\/wp-content\/uploads\/2018\/05\/Andrea-R-Tomitsch-im-K%C3%BCnstlerhaus.jpg?resize=1140%2C853&#038;ssl=1\" alt=\"\" data-id=\"1323\" class=\"wp-image-1323\" srcset=\"https:\/\/i0.wp.com\/andrea.tomitsch.net\/wp-content\/uploads\/2018\/05\/Andrea-R-Tomitsch-im-K%C3%BCnstlerhaus.jpg?w=2288&amp;ssl=1 2288w, https:\/\/i0.wp.com\/andrea.tomitsch.net\/wp-content\/uploads\/2018\/05\/Andrea-R-Tomitsch-im-K%C3%BCnstlerhaus.jpg?resize=300%2C224&amp;ssl=1 300w, https:\/\/i0.wp.com\/andrea.tomitsch.net\/wp-content\/uploads\/2018\/05\/Andrea-R-Tomitsch-im-K%C3%BCnstlerhaus.jpg?resize=768%2C575&amp;ssl=1 768w, https:\/\/i0.wp.com\/andrea.tomitsch.net\/wp-content\/uploads\/2018\/05\/Andrea-R-Tomitsch-im-K%C3%BCnstlerhaus.jpg?resize=1024%2C766&amp;ssl=1 1024w\" sizes=\"auto, (max-width: 1140px) 100vw, 1140px\" \/><\/figure><\/li><li class=\"blocks-gallery-item\"><figure><img data-recalc-dims=\"1\" loading=\"lazy\" decoding=\"async\" width=\"1140\" height=\"853\" data-attachment-id=\"1309\" data-permalink=\"https:\/\/andrea.tomitsch.net\/en\/2010\/04\/zeit-und-werkzeugen\/sanyo-digital-camera-30\/\" data-orig-file=\"https:\/\/i0.wp.com\/andrea.tomitsch.net\/wp-content\/uploads\/2018\/05\/Vernissage-im-K%C3%BCnstlerhaus-006.jpg?fit=2288%2C1712&amp;ssl=1\" data-orig-size=\"2288,1712\" data-comments-opened=\"0\" data-image-meta=\"{&quot;aperture&quot;:&quot;3&quot;,&quot;credit&quot;:&quot;&quot;,&quot;camera&quot;:&quot;S4&quot;,&quot;caption&quot;:&quot;SANYO DIGITAL CAMERA&quot;,&quot;created_timestamp&quot;:&quot;1270753349&quot;,&quot;copyright&quot;:&quot;&quot;,&quot;focal_length&quot;:&quot;6.2&quot;,&quot;iso&quot;:&quot;100&quot;,&quot;shutter_speed&quot;:&quot;0.033333333333333&quot;,&quot;title&quot;:&quot;SANYO DIGITAL CAMERA&quot;,&quot;orientation&quot;:&quot;1&quot;}\" data-image-title=\"&amp;#8220;ZEIT-und WERKZEUGEN&amp;#8221; K\u00fcnstlerhaus Graz\" data-image-description=\"\" data-image-caption=\"&lt;p&gt;Vernissage&lt;\/p&gt;\n\" data-large-file=\"https:\/\/i0.wp.com\/andrea.tomitsch.net\/wp-content\/uploads\/2018\/05\/Vernissage-im-K%C3%BCnstlerhaus-006.jpg?fit=1024%2C766&amp;ssl=1\" src=\"https:\/\/i0.wp.com\/andrea.tomitsch.net\/wp-content\/uploads\/2018\/05\/Vernissage-im-K%C3%BCnstlerhaus-006.jpg?resize=1140%2C853&#038;ssl=1\" alt=\"\" data-id=\"1309\" class=\"wp-image-1309\" srcset=\"https:\/\/i0.wp.com\/andrea.tomitsch.net\/wp-content\/uploads\/2018\/05\/Vernissage-im-K%C3%BCnstlerhaus-006.jpg?w=2288&amp;ssl=1 2288w, https:\/\/i0.wp.com\/andrea.tomitsch.net\/wp-content\/uploads\/2018\/05\/Vernissage-im-K%C3%BCnstlerhaus-006.jpg?resize=300%2C224&amp;ssl=1 300w, https:\/\/i0.wp.com\/andrea.tomitsch.net\/wp-content\/uploads\/2018\/05\/Vernissage-im-K%C3%BCnstlerhaus-006.jpg?resize=768%2C575&amp;ssl=1 768w, https:\/\/i0.wp.com\/andrea.tomitsch.net\/wp-content\/uploads\/2018\/05\/Vernissage-im-K%C3%BCnstlerhaus-006.jpg?resize=1024%2C766&amp;ssl=1 1024w\" sizes=\"auto, (max-width: 1140px) 100vw, 1140px\" \/><\/figure><\/li><li class=\"blocks-gallery-item\"><figure><img data-recalc-dims=\"1\" loading=\"lazy\" decoding=\"async\" width=\"1140\" height=\"853\" data-attachment-id=\"1311\" data-permalink=\"https:\/\/andrea.tomitsch.net\/en\/2010\/04\/zeit-und-werkzeugen\/sanyo-digital-camera-32\/\" data-orig-file=\"https:\/\/i0.wp.com\/andrea.tomitsch.net\/wp-content\/uploads\/2018\/05\/Vernissage-im-K%C3%BCnstlerhaus-010.jpg?fit=2288%2C1712&amp;ssl=1\" data-orig-size=\"2288,1712\" data-comments-opened=\"0\" data-image-meta=\"{&quot;aperture&quot;:&quot;3&quot;,&quot;credit&quot;:&quot;&quot;,&quot;camera&quot;:&quot;S4&quot;,&quot;caption&quot;:&quot;SANYO DIGITAL CAMERA&quot;,&quot;created_timestamp&quot;:&quot;1270753601&quot;,&quot;copyright&quot;:&quot;&quot;,&quot;focal_length&quot;:&quot;6.2&quot;,&quot;iso&quot;:&quot;100&quot;,&quot;shutter_speed&quot;:&quot;0.033333333333333&quot;,&quot;title&quot;:&quot;SANYO DIGITAL CAMERA&quot;,&quot;orientation&quot;:&quot;1&quot;}\" data-image-title=\"&amp;#8220;ZEIT-und WERKZEUGEN&amp;#8221; K\u00fcnstlerhaus Graz\" data-image-description=\"\" data-image-caption=\"&lt;p&gt;Vernissage&lt;\/p&gt;\n\" data-large-file=\"https:\/\/i0.wp.com\/andrea.tomitsch.net\/wp-content\/uploads\/2018\/05\/Vernissage-im-K%C3%BCnstlerhaus-010.jpg?fit=1024%2C766&amp;ssl=1\" src=\"https:\/\/i0.wp.com\/andrea.tomitsch.net\/wp-content\/uploads\/2018\/05\/Vernissage-im-K%C3%BCnstlerhaus-010.jpg?resize=1140%2C853&#038;ssl=1\" alt=\"\" data-id=\"1311\" class=\"wp-image-1311\" srcset=\"https:\/\/i0.wp.com\/andrea.tomitsch.net\/wp-content\/uploads\/2018\/05\/Vernissage-im-K%C3%BCnstlerhaus-010.jpg?w=2288&amp;ssl=1 2288w, https:\/\/i0.wp.com\/andrea.tomitsch.net\/wp-content\/uploads\/2018\/05\/Vernissage-im-K%C3%BCnstlerhaus-010.jpg?resize=300%2C224&amp;ssl=1 300w, https:\/\/i0.wp.com\/andrea.tomitsch.net\/wp-content\/uploads\/2018\/05\/Vernissage-im-K%C3%BCnstlerhaus-010.jpg?resize=768%2C575&amp;ssl=1 768w, https:\/\/i0.wp.com\/andrea.tomitsch.net\/wp-content\/uploads\/2018\/05\/Vernissage-im-K%C3%BCnstlerhaus-010.jpg?resize=1024%2C766&amp;ssl=1 1024w\" sizes=\"auto, (max-width: 1140px) 100vw, 1140px\" \/><\/figure><\/li><li class=\"blocks-gallery-item\"><figure><img data-recalc-dims=\"1\" loading=\"lazy\" decoding=\"async\" width=\"1140\" height=\"853\" data-attachment-id=\"1312\" data-permalink=\"https:\/\/andrea.tomitsch.net\/en\/2010\/04\/zeit-und-werkzeugen\/sanyo-digital-camera-33\/\" data-orig-file=\"https:\/\/i0.wp.com\/andrea.tomitsch.net\/wp-content\/uploads\/2018\/05\/Vernissage-im-K%C3%BCnstlerhaus-011.jpg?fit=2288%2C1712&amp;ssl=1\" data-orig-size=\"2288,1712\" data-comments-opened=\"0\" data-image-meta=\"{&quot;aperture&quot;:&quot;3&quot;,&quot;credit&quot;:&quot;&quot;,&quot;camera&quot;:&quot;S4&quot;,&quot;caption&quot;:&quot;SANYO DIGITAL CAMERA&quot;,&quot;created_timestamp&quot;:&quot;1270753615&quot;,&quot;copyright&quot;:&quot;&quot;,&quot;focal_length&quot;:&quot;6.2&quot;,&quot;iso&quot;:&quot;156&quot;,&quot;shutter_speed&quot;:&quot;0.033333333333333&quot;,&quot;title&quot;:&quot;SANYO DIGITAL CAMERA&quot;,&quot;orientation&quot;:&quot;1&quot;}\" data-image-title=\"&amp;#8220;ZEIT-und WERKZEUGEN&amp;#8221; K\u00fcnstlerhaus Graz\" data-image-description=\"\" data-image-caption=\"&lt;p&gt;Vernissage&lt;\/p&gt;\n\" data-large-file=\"https:\/\/i0.wp.com\/andrea.tomitsch.net\/wp-content\/uploads\/2018\/05\/Vernissage-im-K%C3%BCnstlerhaus-011.jpg?fit=1024%2C766&amp;ssl=1\" src=\"https:\/\/i0.wp.com\/andrea.tomitsch.net\/wp-content\/uploads\/2018\/05\/Vernissage-im-K%C3%BCnstlerhaus-011.jpg?resize=1140%2C853&#038;ssl=1\" alt=\"\" data-id=\"1312\" class=\"wp-image-1312\" srcset=\"https:\/\/i0.wp.com\/andrea.tomitsch.net\/wp-content\/uploads\/2018\/05\/Vernissage-im-K%C3%BCnstlerhaus-011.jpg?w=2288&amp;ssl=1 2288w, https:\/\/i0.wp.com\/andrea.tomitsch.net\/wp-content\/uploads\/2018\/05\/Vernissage-im-K%C3%BCnstlerhaus-011.jpg?resize=300%2C224&amp;ssl=1 300w, https:\/\/i0.wp.com\/andrea.tomitsch.net\/wp-content\/uploads\/2018\/05\/Vernissage-im-K%C3%BCnstlerhaus-011.jpg?resize=768%2C575&amp;ssl=1 768w, https:\/\/i0.wp.com\/andrea.tomitsch.net\/wp-content\/uploads\/2018\/05\/Vernissage-im-K%C3%BCnstlerhaus-011.jpg?resize=1024%2C766&amp;ssl=1 1024w\" sizes=\"auto, (max-width: 1140px) 100vw, 1140px\" \/><\/figure><\/li><li class=\"blocks-gallery-item\"><figure><img data-recalc-dims=\"1\" loading=\"lazy\" decoding=\"async\" width=\"1140\" height=\"763\" data-attachment-id=\"1451\" data-permalink=\"https:\/\/andrea.tomitsch.net\/en\/2010\/04\/zeit-und-werkzeugen\/vbk-kuenstlerhaus-artomitsch6\/\" data-orig-file=\"https:\/\/i0.wp.com\/andrea.tomitsch.net\/wp-content\/uploads\/2010\/04\/VBK-K%C3%BCnstlerhaus-ARTomitsch6.jpg?fit=1549%2C1037&amp;ssl=1\" data-orig-size=\"1549,1037\" data-comments-opened=\"0\" data-image-meta=\"{&quot;aperture&quot;:&quot;3.5&quot;,&quot;credit&quot;:&quot;&quot;,&quot;camera&quot;:&quot;NIKON D80&quot;,&quot;caption&quot;:&quot;&quot;,&quot;created_timestamp&quot;:&quot;1272800500&quot;,&quot;copyright&quot;:&quot;&quot;,&quot;focal_length&quot;:&quot;18&quot;,&quot;iso&quot;:&quot;100&quot;,&quot;shutter_speed&quot;:&quot;0.04&quot;,&quot;title&quot;:&quot;&quot;,&quot;orientation&quot;:&quot;1&quot;}\" data-image-title=\"&amp;#8220;ZEIT-und WERKZEUGEN&amp;#8221; K\u00fcnstlerhaus Graz\" data-image-description=\"\" data-image-caption=\"&lt;p&gt;Vernissage&lt;\/p&gt;\n\" data-large-file=\"https:\/\/i0.wp.com\/andrea.tomitsch.net\/wp-content\/uploads\/2010\/04\/VBK-K%C3%BCnstlerhaus-ARTomitsch6.jpg?fit=1024%2C686&amp;ssl=1\" src=\"https:\/\/i0.wp.com\/andrea.tomitsch.net\/wp-content\/uploads\/2010\/04\/VBK-K%C3%BCnstlerhaus-ARTomitsch6.jpg?resize=1140%2C763&#038;ssl=1\" alt=\"\" data-id=\"1451\" class=\"wp-image-1451\" srcset=\"https:\/\/i0.wp.com\/andrea.tomitsch.net\/wp-content\/uploads\/2010\/04\/VBK-K%C3%BCnstlerhaus-ARTomitsch6.jpg?w=1549&amp;ssl=1 1549w, https:\/\/i0.wp.com\/andrea.tomitsch.net\/wp-content\/uploads\/2010\/04\/VBK-K%C3%BCnstlerhaus-ARTomitsch6.jpg?resize=300%2C201&amp;ssl=1 300w, https:\/\/i0.wp.com\/andrea.tomitsch.net\/wp-content\/uploads\/2010\/04\/VBK-K%C3%BCnstlerhaus-ARTomitsch6.jpg?resize=768%2C514&amp;ssl=1 768w, https:\/\/i0.wp.com\/andrea.tomitsch.net\/wp-content\/uploads\/2010\/04\/VBK-K%C3%BCnstlerhaus-ARTomitsch6.jpg?resize=1024%2C686&amp;ssl=1 1024w\" sizes=\"auto, (max-width: 1140px) 100vw, 1140px\" \/><\/figure><\/li><li class=\"blocks-gallery-item\"><figure><img data-recalc-dims=\"1\" loading=\"lazy\" decoding=\"async\" width=\"1140\" height=\"853\" data-attachment-id=\"1305\" data-permalink=\"https:\/\/andrea.tomitsch.net\/en\/2010\/04\/zeit-und-werkzeugen\/sanyo-digital-camera-29\/\" data-orig-file=\"https:\/\/i0.wp.com\/andrea.tomitsch.net\/wp-content\/uploads\/2018\/05\/ARTomitsch-im-K%C3%BCnstlerhaus-001.jpg?fit=2288%2C1712&amp;ssl=1\" data-orig-size=\"2288,1712\" data-comments-opened=\"0\" data-image-meta=\"{&quot;aperture&quot;:&quot;3&quot;,&quot;credit&quot;:&quot;&quot;,&quot;camera&quot;:&quot;S4&quot;,&quot;caption&quot;:&quot;SANYO DIGITAL CAMERA&quot;,&quot;created_timestamp&quot;:&quot;1270753209&quot;,&quot;copyright&quot;:&quot;&quot;,&quot;focal_length&quot;:&quot;6.2&quot;,&quot;iso&quot;:&quot;100&quot;,&quot;shutter_speed&quot;:&quot;0.033333333333333&quot;,&quot;title&quot;:&quot;SANYO DIGITAL CAMERA&quot;,&quot;orientation&quot;:&quot;1&quot;}\" data-image-title=\"&amp;#8220;ZEIT-und WERKZEUGEN&amp;#8221; K\u00fcnstlerhaus Graz\" data-image-description=\"&lt;p&gt;&amp;#8220;Blues&amp;#8221; von ARTomitsch&lt;\/p&gt;\n\" data-image-caption=\"&lt;p&gt;Vernissage&lt;\/p&gt;\n\" data-large-file=\"https:\/\/i0.wp.com\/andrea.tomitsch.net\/wp-content\/uploads\/2018\/05\/ARTomitsch-im-K%C3%BCnstlerhaus-001.jpg?fit=1024%2C766&amp;ssl=1\" src=\"https:\/\/i0.wp.com\/andrea.tomitsch.net\/wp-content\/uploads\/2018\/05\/ARTomitsch-im-K%C3%BCnstlerhaus-001.jpg?resize=1140%2C853&#038;ssl=1\" alt=\"\" data-id=\"1305\" class=\"wp-image-1305\" srcset=\"https:\/\/i0.wp.com\/andrea.tomitsch.net\/wp-content\/uploads\/2018\/05\/ARTomitsch-im-K%C3%BCnstlerhaus-001.jpg?w=2288&amp;ssl=1 2288w, https:\/\/i0.wp.com\/andrea.tomitsch.net\/wp-content\/uploads\/2018\/05\/ARTomitsch-im-K%C3%BCnstlerhaus-001.jpg?resize=300%2C224&amp;ssl=1 300w, https:\/\/i0.wp.com\/andrea.tomitsch.net\/wp-content\/uploads\/2018\/05\/ARTomitsch-im-K%C3%BCnstlerhaus-001.jpg?resize=768%2C575&amp;ssl=1 768w, https:\/\/i0.wp.com\/andrea.tomitsch.net\/wp-content\/uploads\/2018\/05\/ARTomitsch-im-K%C3%BCnstlerhaus-001.jpg?resize=1024%2C766&amp;ssl=1 1024w\" sizes=\"auto, (max-width: 1140px) 100vw, 1140px\" \/><\/figure><\/li><li class=\"blocks-gallery-item\"><figure><img data-recalc-dims=\"1\" loading=\"lazy\" decoding=\"async\" width=\"1140\" height=\"853\" data-attachment-id=\"1314\" data-permalink=\"https:\/\/andrea.tomitsch.net\/en\/2010\/04\/zeit-und-werkzeugen\/sanyo-digital-camera-35\/\" data-orig-file=\"https:\/\/i0.wp.com\/andrea.tomitsch.net\/wp-content\/uploads\/2018\/05\/Vernissage-im-K%C3%BCnstlerhaus-016.jpg?fit=2288%2C1712&amp;ssl=1\" data-orig-size=\"2288,1712\" data-comments-opened=\"0\" data-image-meta=\"{&quot;aperture&quot;:&quot;3&quot;,&quot;credit&quot;:&quot;&quot;,&quot;camera&quot;:&quot;S4&quot;,&quot;caption&quot;:&quot;SANYO DIGITAL CAMERA&quot;,&quot;created_timestamp&quot;:&quot;1270753716&quot;,&quot;copyright&quot;:&quot;&quot;,&quot;focal_length&quot;:&quot;6.2&quot;,&quot;iso&quot;:&quot;100&quot;,&quot;shutter_speed&quot;:&quot;0.033333333333333&quot;,&quot;title&quot;:&quot;SANYO DIGITAL CAMERA&quot;,&quot;orientation&quot;:&quot;1&quot;}\" data-image-title=\"&amp;#8220;ZEIT-und WERKZEUGEN&amp;#8221; K\u00fcnstlerhaus Graz\" data-image-description=\"\" data-image-caption=\"&lt;p&gt;Vernissage&lt;\/p&gt;\n\" data-large-file=\"https:\/\/i0.wp.com\/andrea.tomitsch.net\/wp-content\/uploads\/2018\/05\/Vernissage-im-K%C3%BCnstlerhaus-016.jpg?fit=1024%2C766&amp;ssl=1\" src=\"https:\/\/i0.wp.com\/andrea.tomitsch.net\/wp-content\/uploads\/2018\/05\/Vernissage-im-K%C3%BCnstlerhaus-016.jpg?resize=1140%2C853&#038;ssl=1\" alt=\"\" data-id=\"1314\" class=\"wp-image-1314\" srcset=\"https:\/\/i0.wp.com\/andrea.tomitsch.net\/wp-content\/uploads\/2018\/05\/Vernissage-im-K%C3%BCnstlerhaus-016.jpg?w=2288&amp;ssl=1 2288w, https:\/\/i0.wp.com\/andrea.tomitsch.net\/wp-content\/uploads\/2018\/05\/Vernissage-im-K%C3%BCnstlerhaus-016.jpg?resize=300%2C224&amp;ssl=1 300w, https:\/\/i0.wp.com\/andrea.tomitsch.net\/wp-content\/uploads\/2018\/05\/Vernissage-im-K%C3%BCnstlerhaus-016.jpg?resize=768%2C575&amp;ssl=1 768w, https:\/\/i0.wp.com\/andrea.tomitsch.net\/wp-content\/uploads\/2018\/05\/Vernissage-im-K%C3%BCnstlerhaus-016.jpg?resize=1024%2C766&amp;ssl=1 1024w\" sizes=\"auto, (max-width: 1140px) 100vw, 1140px\" \/><\/figure><\/li><li class=\"blocks-gallery-item\"><figure><img data-recalc-dims=\"1\" loading=\"lazy\" decoding=\"async\" width=\"1140\" height=\"853\" data-attachment-id=\"1315\" data-permalink=\"https:\/\/andrea.tomitsch.net\/en\/2010\/04\/zeit-und-werkzeugen\/sanyo-digital-camera-36\/\" data-orig-file=\"https:\/\/i0.wp.com\/andrea.tomitsch.net\/wp-content\/uploads\/2018\/05\/Vernissage-im-K%C3%BCnstlerhaus-021.jpg?fit=2288%2C1712&amp;ssl=1\" data-orig-size=\"2288,1712\" data-comments-opened=\"0\" data-image-meta=\"{&quot;aperture&quot;:&quot;3&quot;,&quot;credit&quot;:&quot;&quot;,&quot;camera&quot;:&quot;S4&quot;,&quot;caption&quot;:&quot;SANYO DIGITAL CAMERA&quot;,&quot;created_timestamp&quot;:&quot;1270753778&quot;,&quot;copyright&quot;:&quot;&quot;,&quot;focal_length&quot;:&quot;6.2&quot;,&quot;iso&quot;:&quot;100&quot;,&quot;shutter_speed&quot;:&quot;0.033333333333333&quot;,&quot;title&quot;:&quot;SANYO DIGITAL CAMERA&quot;,&quot;orientation&quot;:&quot;1&quot;}\" data-image-title=\"&amp;#8220;ZEIT-und WERKZEUGEN&amp;#8221; K\u00fcnstlerhaus Graz\" data-image-description=\"\" data-image-caption=\"&lt;p&gt;Vernissage&lt;\/p&gt;\n\" data-large-file=\"https:\/\/i0.wp.com\/andrea.tomitsch.net\/wp-content\/uploads\/2018\/05\/Vernissage-im-K%C3%BCnstlerhaus-021.jpg?fit=1024%2C766&amp;ssl=1\" src=\"https:\/\/i0.wp.com\/andrea.tomitsch.net\/wp-content\/uploads\/2018\/05\/Vernissage-im-K%C3%BCnstlerhaus-021.jpg?resize=1140%2C853&#038;ssl=1\" alt=\"\" data-id=\"1315\" class=\"wp-image-1315\" srcset=\"https:\/\/i0.wp.com\/andrea.tomitsch.net\/wp-content\/uploads\/2018\/05\/Vernissage-im-K%C3%BCnstlerhaus-021.jpg?w=2288&amp;ssl=1 2288w, https:\/\/i0.wp.com\/andrea.tomitsch.net\/wp-content\/uploads\/2018\/05\/Vernissage-im-K%C3%BCnstlerhaus-021.jpg?resize=300%2C224&amp;ssl=1 300w, https:\/\/i0.wp.com\/andrea.tomitsch.net\/wp-content\/uploads\/2018\/05\/Vernissage-im-K%C3%BCnstlerhaus-021.jpg?resize=768%2C575&amp;ssl=1 768w, https:\/\/i0.wp.com\/andrea.tomitsch.net\/wp-content\/uploads\/2018\/05\/Vernissage-im-K%C3%BCnstlerhaus-021.jpg?resize=1024%2C766&amp;ssl=1 1024w\" sizes=\"auto, (max-width: 1140px) 100vw, 1140px\" \/><\/figure><\/li><li class=\"blocks-gallery-item\"><figure><img data-recalc-dims=\"1\" loading=\"lazy\" decoding=\"async\" width=\"1140\" height=\"853\" data-attachment-id=\"1316\" data-permalink=\"https:\/\/andrea.tomitsch.net\/en\/2010\/04\/zeit-und-werkzeugen\/sanyo-digital-camera-37\/\" data-orig-file=\"https:\/\/i0.wp.com\/andrea.tomitsch.net\/wp-content\/uploads\/2018\/05\/Vernissage-im-K%C3%BCnstlerhaus-022.jpg?fit=2288%2C1712&amp;ssl=1\" data-orig-size=\"2288,1712\" data-comments-opened=\"0\" data-image-meta=\"{&quot;aperture&quot;:&quot;4.1&quot;,&quot;credit&quot;:&quot;&quot;,&quot;camera&quot;:&quot;S4&quot;,&quot;caption&quot;:&quot;SANYO DIGITAL CAMERA&quot;,&quot;created_timestamp&quot;:&quot;1270753796&quot;,&quot;copyright&quot;:&quot;&quot;,&quot;focal_length&quot;:&quot;11.8&quot;,&quot;iso&quot;:&quot;200&quot;,&quot;shutter_speed&quot;:&quot;0.017482517482517&quot;,&quot;title&quot;:&quot;SANYO DIGITAL CAMERA&quot;,&quot;orientation&quot;:&quot;1&quot;}\" data-image-title=\"&amp;#8220;ZEIT-und WERKZEUGEN&amp;#8221; K\u00fcnstlerhaus Graz\" data-image-description=\"\" data-image-caption=\"&lt;p&gt;Vernissage&lt;\/p&gt;\n\" data-large-file=\"https:\/\/i0.wp.com\/andrea.tomitsch.net\/wp-content\/uploads\/2018\/05\/Vernissage-im-K%C3%BCnstlerhaus-022.jpg?fit=1024%2C766&amp;ssl=1\" src=\"https:\/\/i0.wp.com\/andrea.tomitsch.net\/wp-content\/uploads\/2018\/05\/Vernissage-im-K%C3%BCnstlerhaus-022.jpg?resize=1140%2C853&#038;ssl=1\" alt=\"\" data-id=\"1316\" class=\"wp-image-1316\" srcset=\"https:\/\/i0.wp.com\/andrea.tomitsch.net\/wp-content\/uploads\/2018\/05\/Vernissage-im-K%C3%BCnstlerhaus-022.jpg?w=2288&amp;ssl=1 2288w, https:\/\/i0.wp.com\/andrea.tomitsch.net\/wp-content\/uploads\/2018\/05\/Vernissage-im-K%C3%BCnstlerhaus-022.jpg?resize=300%2C224&amp;ssl=1 300w, https:\/\/i0.wp.com\/andrea.tomitsch.net\/wp-content\/uploads\/2018\/05\/Vernissage-im-K%C3%BCnstlerhaus-022.jpg?resize=768%2C575&amp;ssl=1 768w, https:\/\/i0.wp.com\/andrea.tomitsch.net\/wp-content\/uploads\/2018\/05\/Vernissage-im-K%C3%BCnstlerhaus-022.jpg?resize=1024%2C766&amp;ssl=1 1024w\" sizes=\"auto, (max-width: 1140px) 100vw, 1140px\" \/><\/figure><\/li><li class=\"blocks-gallery-item\"><figure><img data-recalc-dims=\"1\" loading=\"lazy\" decoding=\"async\" width=\"1140\" height=\"853\" data-attachment-id=\"1317\" data-permalink=\"https:\/\/andrea.tomitsch.net\/en\/2010\/04\/zeit-und-werkzeugen\/sanyo-digital-camera-38\/\" data-orig-file=\"https:\/\/i0.wp.com\/andrea.tomitsch.net\/wp-content\/uploads\/2018\/05\/Vernissage-im-K%C3%BCnstlerhaus-024.jpg?fit=2288%2C1712&amp;ssl=1\" data-orig-size=\"2288,1712\" data-comments-opened=\"0\" data-image-meta=\"{&quot;aperture&quot;:&quot;4.1&quot;,&quot;credit&quot;:&quot;&quot;,&quot;camera&quot;:&quot;S4&quot;,&quot;caption&quot;:&quot;SANYO DIGITAL CAMERA&quot;,&quot;created_timestamp&quot;:&quot;1270753894&quot;,&quot;copyright&quot;:&quot;&quot;,&quot;focal_length&quot;:&quot;11.8&quot;,&quot;iso&quot;:&quot;200&quot;,&quot;shutter_speed&quot;:&quot;0.017482517482517&quot;,&quot;title&quot;:&quot;SANYO DIGITAL CAMERA&quot;,&quot;orientation&quot;:&quot;1&quot;}\" data-image-title=\"&amp;#8220;ZEIT-und WERKZEUGEN&amp;#8221; K\u00fcnstlerhaus Graz\" data-image-description=\"\" data-image-caption=\"&lt;p&gt;Vernissage&lt;\/p&gt;\n\" data-large-file=\"https:\/\/i0.wp.com\/andrea.tomitsch.net\/wp-content\/uploads\/2018\/05\/Vernissage-im-K%C3%BCnstlerhaus-024.jpg?fit=1024%2C766&amp;ssl=1\" src=\"https:\/\/i0.wp.com\/andrea.tomitsch.net\/wp-content\/uploads\/2018\/05\/Vernissage-im-K%C3%BCnstlerhaus-024.jpg?resize=1140%2C853&#038;ssl=1\" alt=\"\" data-id=\"1317\" class=\"wp-image-1317\" srcset=\"https:\/\/i0.wp.com\/andrea.tomitsch.net\/wp-content\/uploads\/2018\/05\/Vernissage-im-K%C3%BCnstlerhaus-024.jpg?w=2288&amp;ssl=1 2288w, https:\/\/i0.wp.com\/andrea.tomitsch.net\/wp-content\/uploads\/2018\/05\/Vernissage-im-K%C3%BCnstlerhaus-024.jpg?resize=300%2C224&amp;ssl=1 300w, https:\/\/i0.wp.com\/andrea.tomitsch.net\/wp-content\/uploads\/2018\/05\/Vernissage-im-K%C3%BCnstlerhaus-024.jpg?resize=768%2C575&amp;ssl=1 768w, https:\/\/i0.wp.com\/andrea.tomitsch.net\/wp-content\/uploads\/2018\/05\/Vernissage-im-K%C3%BCnstlerhaus-024.jpg?resize=1024%2C766&amp;ssl=1 1024w\" sizes=\"auto, (max-width: 1140px) 100vw, 1140px\" \/><\/figure><\/li><li class=\"blocks-gallery-item\"><figure><img data-recalc-dims=\"1\" loading=\"lazy\" decoding=\"async\" width=\"1140\" height=\"853\" data-attachment-id=\"1320\" data-permalink=\"https:\/\/andrea.tomitsch.net\/en\/2010\/04\/zeit-und-werkzeugen\/sanyo-digital-camera-41\/\" data-orig-file=\"https:\/\/i0.wp.com\/andrea.tomitsch.net\/wp-content\/uploads\/2018\/05\/Andrea-R-Tomitsch-im-K%C3%BCnstlerhaus-.jpg?fit=2288%2C1712&amp;ssl=1\" data-orig-size=\"2288,1712\" data-comments-opened=\"0\" data-image-meta=\"{&quot;aperture&quot;:&quot;3&quot;,&quot;credit&quot;:&quot;&quot;,&quot;camera&quot;:&quot;S4&quot;,&quot;caption&quot;:&quot;SANYO DIGITAL CAMERA&quot;,&quot;created_timestamp&quot;:&quot;1270753247&quot;,&quot;copyright&quot;:&quot;&quot;,&quot;focal_length&quot;:&quot;6.2&quot;,&quot;iso&quot;:&quot;100&quot;,&quot;shutter_speed&quot;:&quot;0.033333333333333&quot;,&quot;title&quot;:&quot;SANYO DIGITAL CAMERA&quot;,&quot;orientation&quot;:&quot;1&quot;}\" data-image-title=\"&amp;#8220;ZEIT-und WERKZEUGEN&amp;#8221; K\u00fcnstlerhaus Graz\" data-image-description=\"&lt;p&gt;&amp;#8220;Bilder&amp;#8221; von ARTomitsch&lt;\/p&gt;\n\" data-image-caption=\"&lt;p&gt;Vernissage&lt;\/p&gt;\n\" data-large-file=\"https:\/\/i0.wp.com\/andrea.tomitsch.net\/wp-content\/uploads\/2018\/05\/Andrea-R-Tomitsch-im-K%C3%BCnstlerhaus-.jpg?fit=1024%2C766&amp;ssl=1\" src=\"https:\/\/i0.wp.com\/andrea.tomitsch.net\/wp-content\/uploads\/2018\/05\/Andrea-R-Tomitsch-im-K%C3%BCnstlerhaus-.jpg?resize=1140%2C853&#038;ssl=1\" alt=\"\" data-id=\"1320\" class=\"wp-image-1320\" srcset=\"https:\/\/i0.wp.com\/andrea.tomitsch.net\/wp-content\/uploads\/2018\/05\/Andrea-R-Tomitsch-im-K%C3%BCnstlerhaus-.jpg?w=2288&amp;ssl=1 2288w, https:\/\/i0.wp.com\/andrea.tomitsch.net\/wp-content\/uploads\/2018\/05\/Andrea-R-Tomitsch-im-K%C3%BCnstlerhaus-.jpg?resize=300%2C224&amp;ssl=1 300w, https:\/\/i0.wp.com\/andrea.tomitsch.net\/wp-content\/uploads\/2018\/05\/Andrea-R-Tomitsch-im-K%C3%BCnstlerhaus-.jpg?resize=768%2C575&amp;ssl=1 768w, https:\/\/i0.wp.com\/andrea.tomitsch.net\/wp-content\/uploads\/2018\/05\/Andrea-R-Tomitsch-im-K%C3%BCnstlerhaus-.jpg?resize=1024%2C766&amp;ssl=1 1024w\" sizes=\"auto, (max-width: 1140px) 100vw, 1140px\" \/><\/figure><\/li><li class=\"blocks-gallery-item\"><figure><img data-recalc-dims=\"1\" loading=\"lazy\" decoding=\"async\" width=\"1140\" height=\"853\" data-attachment-id=\"1321\" data-permalink=\"https:\/\/andrea.tomitsch.net\/en\/2010\/04\/zeit-und-werkzeugen\/sanyo-digital-camera-42\/\" data-orig-file=\"https:\/\/i0.wp.com\/andrea.tomitsch.net\/wp-content\/uploads\/2018\/05\/Andrea-R-Tomitsch-im-K%C3%BCnstlerhaus-Graz.jpg?fit=2288%2C1712&amp;ssl=1\" data-orig-size=\"2288,1712\" data-comments-opened=\"0\" data-image-meta=\"{&quot;aperture&quot;:&quot;3&quot;,&quot;credit&quot;:&quot;&quot;,&quot;camera&quot;:&quot;S4&quot;,&quot;caption&quot;:&quot;SANYO DIGITAL CAMERA&quot;,&quot;created_timestamp&quot;:&quot;1270753272&quot;,&quot;copyright&quot;:&quot;&quot;,&quot;focal_length&quot;:&quot;6.2&quot;,&quot;iso&quot;:&quot;100&quot;,&quot;shutter_speed&quot;:&quot;0.033333333333333&quot;,&quot;title&quot;:&quot;SANYO DIGITAL CAMERA&quot;,&quot;orientation&quot;:&quot;1&quot;}\" data-image-title=\"&amp;#8220;ZEIT-und WERKZEUGEN&amp;#8221; K\u00fcnstlerhaus Graz\" data-image-description=\"&lt;p&gt;&amp;#8220;Kaukasus&amp;#8221; von ARTomitsch&lt;\/p&gt;\n\" data-image-caption=\"&lt;p&gt;Vernissage&lt;\/p&gt;\n\" data-large-file=\"https:\/\/i0.wp.com\/andrea.tomitsch.net\/wp-content\/uploads\/2018\/05\/Andrea-R-Tomitsch-im-K%C3%BCnstlerhaus-Graz.jpg?fit=1024%2C766&amp;ssl=1\" src=\"https:\/\/i0.wp.com\/andrea.tomitsch.net\/wp-content\/uploads\/2018\/05\/Andrea-R-Tomitsch-im-K%C3%BCnstlerhaus-Graz.jpg?resize=1140%2C853&#038;ssl=1\" alt=\"\" data-id=\"1321\" class=\"wp-image-1321\" srcset=\"https:\/\/i0.wp.com\/andrea.tomitsch.net\/wp-content\/uploads\/2018\/05\/Andrea-R-Tomitsch-im-K%C3%BCnstlerhaus-Graz.jpg?w=2288&amp;ssl=1 2288w, https:\/\/i0.wp.com\/andrea.tomitsch.net\/wp-content\/uploads\/2018\/05\/Andrea-R-Tomitsch-im-K%C3%BCnstlerhaus-Graz.jpg?resize=300%2C224&amp;ssl=1 300w, https:\/\/i0.wp.com\/andrea.tomitsch.net\/wp-content\/uploads\/2018\/05\/Andrea-R-Tomitsch-im-K%C3%BCnstlerhaus-Graz.jpg?resize=768%2C575&amp;ssl=1 768w, https:\/\/i0.wp.com\/andrea.tomitsch.net\/wp-content\/uploads\/2018\/05\/Andrea-R-Tomitsch-im-K%C3%BCnstlerhaus-Graz.jpg?resize=1024%2C766&amp;ssl=1 1024w\" sizes=\"auto, (max-width: 1140px) 100vw, 1140px\" \/><\/figure><\/li><li class=\"blocks-gallery-item\"><figure><img data-recalc-dims=\"1\" loading=\"lazy\" decoding=\"async\" width=\"1140\" height=\"853\" data-attachment-id=\"1319\" data-permalink=\"https:\/\/andrea.tomitsch.net\/en\/2010\/04\/zeit-und-werkzeugen\/sanyo-digital-camera-40\/\" data-orig-file=\"https:\/\/i0.wp.com\/andrea.tomitsch.net\/wp-content\/uploads\/2018\/05\/Vernissage-im-K%C3%BCnstlerhaus-031.jpg?fit=2288%2C1712&amp;ssl=1\" data-orig-size=\"2288,1712\" data-comments-opened=\"0\" data-image-meta=\"{&quot;aperture&quot;:&quot;3&quot;,&quot;credit&quot;:&quot;&quot;,&quot;camera&quot;:&quot;S4&quot;,&quot;caption&quot;:&quot;SANYO DIGITAL CAMERA&quot;,&quot;created_timestamp&quot;:&quot;1270754947&quot;,&quot;copyright&quot;:&quot;&quot;,&quot;focal_length&quot;:&quot;6.2&quot;,&quot;iso&quot;:&quot;100&quot;,&quot;shutter_speed&quot;:&quot;0.033333333333333&quot;,&quot;title&quot;:&quot;SANYO DIGITAL CAMERA&quot;,&quot;orientation&quot;:&quot;1&quot;}\" data-image-title=\"&amp;#8220;ZEIT-und WERKZEUGEN&amp;#8221; K\u00fcnstlerhaus Graz\" data-image-description=\"\" data-image-caption=\"&lt;p&gt;Vernissage&lt;\/p&gt;\n\" data-large-file=\"https:\/\/i0.wp.com\/andrea.tomitsch.net\/wp-content\/uploads\/2018\/05\/Vernissage-im-K%C3%BCnstlerhaus-031.jpg?fit=1024%2C766&amp;ssl=1\" src=\"https:\/\/i0.wp.com\/andrea.tomitsch.net\/wp-content\/uploads\/2018\/05\/Vernissage-im-K%C3%BCnstlerhaus-031.jpg?resize=1140%2C853&#038;ssl=1\" alt=\"\" data-id=\"1319\" class=\"wp-image-1319\" srcset=\"https:\/\/i0.wp.com\/andrea.tomitsch.net\/wp-content\/uploads\/2018\/05\/Vernissage-im-K%C3%BCnstlerhaus-031.jpg?w=2288&amp;ssl=1 2288w, https:\/\/i0.wp.com\/andrea.tomitsch.net\/wp-content\/uploads\/2018\/05\/Vernissage-im-K%C3%BCnstlerhaus-031.jpg?resize=300%2C224&amp;ssl=1 300w, https:\/\/i0.wp.com\/andrea.tomitsch.net\/wp-content\/uploads\/2018\/05\/Vernissage-im-K%C3%BCnstlerhaus-031.jpg?resize=768%2C575&amp;ssl=1 768w, https:\/\/i0.wp.com\/andrea.tomitsch.net\/wp-content\/uploads\/2018\/05\/Vernissage-im-K%C3%BCnstlerhaus-031.jpg?resize=1024%2C766&amp;ssl=1 1024w\" sizes=\"auto, (max-width: 1140px) 100vw, 1140px\" \/><\/figure><\/li><li class=\"blocks-gallery-item\"><figure><img data-recalc-dims=\"1\" loading=\"lazy\" decoding=\"async\" width=\"1140\" height=\"853\" data-attachment-id=\"1322\" data-permalink=\"https:\/\/andrea.tomitsch.net\/en\/2010\/04\/zeit-und-werkzeugen\/sanyo-digital-camera-43\/\" data-orig-file=\"https:\/\/i0.wp.com\/andrea.tomitsch.net\/wp-content\/uploads\/2018\/05\/Andrea-R-Tomitsch-im-K%C3%BCnstlerhaus-Zeit-und-Werkzeugen.jpg?fit=2288%2C1712&amp;ssl=1\" data-orig-size=\"2288,1712\" data-comments-opened=\"0\" data-image-meta=\"{&quot;aperture&quot;:&quot;3&quot;,&quot;credit&quot;:&quot;&quot;,&quot;camera&quot;:&quot;S4&quot;,&quot;caption&quot;:&quot;SANYO DIGITAL CAMERA&quot;,&quot;created_timestamp&quot;:&quot;1270753730&quot;,&quot;copyright&quot;:&quot;&quot;,&quot;focal_length&quot;:&quot;6.2&quot;,&quot;iso&quot;:&quot;100&quot;,&quot;shutter_speed&quot;:&quot;0.032258064516129&quot;,&quot;title&quot;:&quot;SANYO DIGITAL CAMERA&quot;,&quot;orientation&quot;:&quot;1&quot;}\" data-image-title=\"&amp;#8220;ZEIT-und WERKZEUGEN&amp;#8221; K\u00fcnstlerhaus Graz\" data-image-description=\"&lt;p&gt;&amp;#8220;Leoben&amp;#8221; von ARTomitsch&lt;\/p&gt;\n\" data-image-caption=\"&lt;p&gt;Vernissage&lt;\/p&gt;\n\" data-large-file=\"https:\/\/i0.wp.com\/andrea.tomitsch.net\/wp-content\/uploads\/2018\/05\/Andrea-R-Tomitsch-im-K%C3%BCnstlerhaus-Zeit-und-Werkzeugen.jpg?fit=1024%2C766&amp;ssl=1\" src=\"https:\/\/i0.wp.com\/andrea.tomitsch.net\/wp-content\/uploads\/2018\/05\/Andrea-R-Tomitsch-im-K%C3%BCnstlerhaus-Zeit-und-Werkzeugen.jpg?resize=1140%2C853&#038;ssl=1\" alt=\"\" data-id=\"1322\" class=\"wp-image-1322\" srcset=\"https:\/\/i0.wp.com\/andrea.tomitsch.net\/wp-content\/uploads\/2018\/05\/Andrea-R-Tomitsch-im-K%C3%BCnstlerhaus-Zeit-und-Werkzeugen.jpg?w=2288&amp;ssl=1 2288w, https:\/\/i0.wp.com\/andrea.tomitsch.net\/wp-content\/uploads\/2018\/05\/Andrea-R-Tomitsch-im-K%C3%BCnstlerhaus-Zeit-und-Werkzeugen.jpg?resize=300%2C224&amp;ssl=1 300w, https:\/\/i0.wp.com\/andrea.tomitsch.net\/wp-content\/uploads\/2018\/05\/Andrea-R-Tomitsch-im-K%C3%BCnstlerhaus-Zeit-und-Werkzeugen.jpg?resize=768%2C575&amp;ssl=1 768w, https:\/\/i0.wp.com\/andrea.tomitsch.net\/wp-content\/uploads\/2018\/05\/Andrea-R-Tomitsch-im-K%C3%BCnstlerhaus-Zeit-und-Werkzeugen.jpg?resize=1024%2C766&amp;ssl=1 1024w\" sizes=\"auto, (max-width: 1140px) 100vw, 1140px\" \/><\/figure><\/li><li class=\"blocks-gallery-item\"><figure><img data-recalc-dims=\"1\" loading=\"lazy\" decoding=\"async\" width=\"1140\" height=\"853\" data-attachment-id=\"1324\" data-permalink=\"https:\/\/andrea.tomitsch.net\/en\/2010\/04\/zeit-und-werkzeugen\/sanyo-digital-camera-45\/\" data-orig-file=\"https:\/\/i0.wp.com\/andrea.tomitsch.net\/wp-content\/uploads\/2018\/05\/Andrea-R-Tomitsch-im-K%C3%BCnstlerhaus1.jpg?fit=2288%2C1712&amp;ssl=1\" data-orig-size=\"2288,1712\" data-comments-opened=\"0\" data-image-meta=\"{&quot;aperture&quot;:&quot;3&quot;,&quot;credit&quot;:&quot;&quot;,&quot;camera&quot;:&quot;S4&quot;,&quot;caption&quot;:&quot;SANYO DIGITAL CAMERA&quot;,&quot;created_timestamp&quot;:&quot;1270753750&quot;,&quot;copyright&quot;:&quot;&quot;,&quot;focal_length&quot;:&quot;6.2&quot;,&quot;iso&quot;:&quot;100&quot;,&quot;shutter_speed&quot;:&quot;0.033333333333333&quot;,&quot;title&quot;:&quot;SANYO DIGITAL CAMERA&quot;,&quot;orientation&quot;:&quot;1&quot;}\" data-image-title=\"&amp;#8220;ZEIT-und WERKZEUGEN&amp;#8221; K\u00fcnstlerhaus Graz\" data-image-description=\"&lt;p&gt;&amp;#8220;2Bilder&amp;#8221; von ARTomitsch&lt;\/p&gt;\n\" data-image-caption=\"&lt;p&gt;Vernissage&lt;\/p&gt;\n\" data-large-file=\"https:\/\/i0.wp.com\/andrea.tomitsch.net\/wp-content\/uploads\/2018\/05\/Andrea-R-Tomitsch-im-K%C3%BCnstlerhaus1.jpg?fit=1024%2C766&amp;ssl=1\" src=\"https:\/\/i0.wp.com\/andrea.tomitsch.net\/wp-content\/uploads\/2018\/05\/Andrea-R-Tomitsch-im-K%C3%BCnstlerhaus1.jpg?resize=1140%2C853&#038;ssl=1\" alt=\"\" data-id=\"1324\" class=\"wp-image-1324\" srcset=\"https:\/\/i0.wp.com\/andrea.tomitsch.net\/wp-content\/uploads\/2018\/05\/Andrea-R-Tomitsch-im-K%C3%BCnstlerhaus1.jpg?w=2288&amp;ssl=1 2288w, https:\/\/i0.wp.com\/andrea.tomitsch.net\/wp-content\/uploads\/2018\/05\/Andrea-R-Tomitsch-im-K%C3%BCnstlerhaus1.jpg?resize=300%2C224&amp;ssl=1 300w, https:\/\/i0.wp.com\/andrea.tomitsch.net\/wp-content\/uploads\/2018\/05\/Andrea-R-Tomitsch-im-K%C3%BCnstlerhaus1.jpg?resize=768%2C575&amp;ssl=1 768w, https:\/\/i0.wp.com\/andrea.tomitsch.net\/wp-content\/uploads\/2018\/05\/Andrea-R-Tomitsch-im-K%C3%BCnstlerhaus1.jpg?resize=1024%2C766&amp;ssl=1 1024w\" sizes=\"auto, (max-width: 1140px) 100vw, 1140px\" \/><\/figure><\/li><li class=\"blocks-gallery-item\"><figure><img data-recalc-dims=\"1\" loading=\"lazy\" decoding=\"async\" width=\"1140\" height=\"853\" data-attachment-id=\"1325\" data-permalink=\"https:\/\/andrea.tomitsch.net\/en\/2010\/04\/zeit-und-werkzeugen\/sanyo-digital-camera-46\/\" data-orig-file=\"https:\/\/i0.wp.com\/andrea.tomitsch.net\/wp-content\/uploads\/2018\/05\/Andrea-R-Tomitsch-im-K%C3%BCnstlerhaus2.jpg?fit=2288%2C1712&amp;ssl=1\" data-orig-size=\"2288,1712\" data-comments-opened=\"0\" data-image-meta=\"{&quot;aperture&quot;:&quot;3&quot;,&quot;credit&quot;:&quot;&quot;,&quot;camera&quot;:&quot;S4&quot;,&quot;caption&quot;:&quot;SANYO DIGITAL CAMERA&quot;,&quot;created_timestamp&quot;:&quot;1270753763&quot;,&quot;copyright&quot;:&quot;&quot;,&quot;focal_length&quot;:&quot;6.2&quot;,&quot;iso&quot;:&quot;100&quot;,&quot;shutter_speed&quot;:&quot;0.033333333333333&quot;,&quot;title&quot;:&quot;SANYO DIGITAL CAMERA&quot;,&quot;orientation&quot;:&quot;1&quot;}\" data-image-title=\"&amp;#8220;ZEIT-und WERKZEUGEN&amp;#8221; K\u00fcnstlerhaus Graz\" data-image-description=\"\" data-image-caption=\"&lt;p&gt;Vernissage&lt;\/p&gt;\n\" data-large-file=\"https:\/\/i0.wp.com\/andrea.tomitsch.net\/wp-content\/uploads\/2018\/05\/Andrea-R-Tomitsch-im-K%C3%BCnstlerhaus2.jpg?fit=1024%2C766&amp;ssl=1\" src=\"https:\/\/i0.wp.com\/andrea.tomitsch.net\/wp-content\/uploads\/2018\/05\/Andrea-R-Tomitsch-im-K%C3%BCnstlerhaus2.jpg?resize=1140%2C853&#038;ssl=1\" alt=\"\" data-id=\"1325\" class=\"wp-image-1325\" srcset=\"https:\/\/i0.wp.com\/andrea.tomitsch.net\/wp-content\/uploads\/2018\/05\/Andrea-R-Tomitsch-im-K%C3%BCnstlerhaus2.jpg?w=2288&amp;ssl=1 2288w, https:\/\/i0.wp.com\/andrea.tomitsch.net\/wp-content\/uploads\/2018\/05\/Andrea-R-Tomitsch-im-K%C3%BCnstlerhaus2.jpg?resize=300%2C224&amp;ssl=1 300w, https:\/\/i0.wp.com\/andrea.tomitsch.net\/wp-content\/uploads\/2018\/05\/Andrea-R-Tomitsch-im-K%C3%BCnstlerhaus2.jpg?resize=768%2C575&amp;ssl=1 768w, https:\/\/i0.wp.com\/andrea.tomitsch.net\/wp-content\/uploads\/2018\/05\/Andrea-R-Tomitsch-im-K%C3%BCnstlerhaus2.jpg?resize=1024%2C766&amp;ssl=1 1024w\" sizes=\"auto, (max-width: 1140px) 100vw, 1140px\" \/><\/figure><\/li><li class=\"blocks-gallery-item\"><figure><img data-recalc-dims=\"1\" loading=\"lazy\" decoding=\"async\" width=\"1140\" height=\"853\" data-attachment-id=\"1326\" data-permalink=\"https:\/\/andrea.tomitsch.net\/en\/2010\/04\/zeit-und-werkzeugen\/sanyo-digital-camera-47\/\" data-orig-file=\"https:\/\/i0.wp.com\/andrea.tomitsch.net\/wp-content\/uploads\/2018\/05\/Andrea-R-Tomitsch-im-K%C3%BCnstlerhausGraz.jpg?fit=2288%2C1712&amp;ssl=1\" data-orig-size=\"2288,1712\" data-comments-opened=\"0\" data-image-meta=\"{&quot;aperture&quot;:&quot;3&quot;,&quot;credit&quot;:&quot;&quot;,&quot;camera&quot;:&quot;S4&quot;,&quot;caption&quot;:&quot;SANYO DIGITAL CAMERA&quot;,&quot;created_timestamp&quot;:&quot;1270753741&quot;,&quot;copyright&quot;:&quot;&quot;,&quot;focal_length&quot;:&quot;6.2&quot;,&quot;iso&quot;:&quot;100&quot;,&quot;shutter_speed&quot;:&quot;0.033333333333333&quot;,&quot;title&quot;:&quot;SANYO DIGITAL CAMERA&quot;,&quot;orientation&quot;:&quot;1&quot;}\" data-image-title=\"&amp;#8220;ZEIT-und WERKZEUGEN&amp;#8221; K\u00fcnstlerhaus Graz\" data-image-description=\"&lt;p&gt;&amp;#8220;2Bilder&amp;#8221; von ARTomitsch&lt;\/p&gt;\n\" data-image-caption=\"&lt;p&gt;Vernissage&lt;\/p&gt;\n\" data-large-file=\"https:\/\/i0.wp.com\/andrea.tomitsch.net\/wp-content\/uploads\/2018\/05\/Andrea-R-Tomitsch-im-K%C3%BCnstlerhausGraz.jpg?fit=1024%2C766&amp;ssl=1\" src=\"https:\/\/i0.wp.com\/andrea.tomitsch.net\/wp-content\/uploads\/2018\/05\/Andrea-R-Tomitsch-im-K%C3%BCnstlerhausGraz.jpg?resize=1140%2C853&#038;ssl=1\" alt=\"\" data-id=\"1326\" class=\"wp-image-1326\" srcset=\"https:\/\/i0.wp.com\/andrea.tomitsch.net\/wp-content\/uploads\/2018\/05\/Andrea-R-Tomitsch-im-K%C3%BCnstlerhausGraz.jpg?w=2288&amp;ssl=1 2288w, https:\/\/i0.wp.com\/andrea.tomitsch.net\/wp-content\/uploads\/2018\/05\/Andrea-R-Tomitsch-im-K%C3%BCnstlerhausGraz.jpg?resize=300%2C224&amp;ssl=1 300w, https:\/\/i0.wp.com\/andrea.tomitsch.net\/wp-content\/uploads\/2018\/05\/Andrea-R-Tomitsch-im-K%C3%BCnstlerhausGraz.jpg?resize=768%2C575&amp;ssl=1 768w, https:\/\/i0.wp.com\/andrea.tomitsch.net\/wp-content\/uploads\/2018\/05\/Andrea-R-Tomitsch-im-K%C3%BCnstlerhausGraz.jpg?resize=1024%2C766&amp;ssl=1 1024w\" sizes=\"auto, (max-width: 1140px) 100vw, 1140px\" \/><\/figure><\/li><li class=\"blocks-gallery-item\"><figure><img data-recalc-dims=\"1\" loading=\"lazy\" decoding=\"async\" width=\"1140\" height=\"853\" data-attachment-id=\"1327\" data-permalink=\"https:\/\/andrea.tomitsch.net\/en\/2010\/04\/zeit-und-werkzeugen\/sanyo-digital-camera-48\/\" data-orig-file=\"https:\/\/i0.wp.com\/andrea.tomitsch.net\/wp-content\/uploads\/2018\/05\/Andrea-R-Tomitsch-im-K%C3%BCnstlerhausin-Graz.jpg?fit=2288%2C1712&amp;ssl=1\" data-orig-size=\"2288,1712\" data-comments-opened=\"0\" data-image-meta=\"{&quot;aperture&quot;:&quot;3&quot;,&quot;credit&quot;:&quot;&quot;,&quot;camera&quot;:&quot;S4&quot;,&quot;caption&quot;:&quot;SANYO DIGITAL CAMERA&quot;,&quot;created_timestamp&quot;:&quot;1270753293&quot;,&quot;copyright&quot;:&quot;&quot;,&quot;focal_length&quot;:&quot;6.2&quot;,&quot;iso&quot;:&quot;100&quot;,&quot;shutter_speed&quot;:&quot;0.033333333333333&quot;,&quot;title&quot;:&quot;SANYO DIGITAL CAMERA&quot;,&quot;orientation&quot;:&quot;1&quot;}\" data-image-title=\"&amp;#8220;ZEIT-und WERKZEUGEN&amp;#8221; K\u00fcnstlerhaus Graz\" data-image-description=\"\" data-image-caption=\"&lt;p&gt;Vernissage&lt;\/p&gt;\n\" data-large-file=\"https:\/\/i0.wp.com\/andrea.tomitsch.net\/wp-content\/uploads\/2018\/05\/Andrea-R-Tomitsch-im-K%C3%BCnstlerhausin-Graz.jpg?fit=1024%2C766&amp;ssl=1\" src=\"https:\/\/i0.wp.com\/andrea.tomitsch.net\/wp-content\/uploads\/2018\/05\/Andrea-R-Tomitsch-im-K%C3%BCnstlerhausin-Graz.jpg?resize=1140%2C853&#038;ssl=1\" alt=\"\" data-id=\"1327\" class=\"wp-image-1327\" srcset=\"https:\/\/i0.wp.com\/andrea.tomitsch.net\/wp-content\/uploads\/2018\/05\/Andrea-R-Tomitsch-im-K%C3%BCnstlerhausin-Graz.jpg?w=2288&amp;ssl=1 2288w, https:\/\/i0.wp.com\/andrea.tomitsch.net\/wp-content\/uploads\/2018\/05\/Andrea-R-Tomitsch-im-K%C3%BCnstlerhausin-Graz.jpg?resize=300%2C224&amp;ssl=1 300w, https:\/\/i0.wp.com\/andrea.tomitsch.net\/wp-content\/uploads\/2018\/05\/Andrea-R-Tomitsch-im-K%C3%BCnstlerhausin-Graz.jpg?resize=768%2C575&amp;ssl=1 768w, https:\/\/i0.wp.com\/andrea.tomitsch.net\/wp-content\/uploads\/2018\/05\/Andrea-R-Tomitsch-im-K%C3%BCnstlerhausin-Graz.jpg?resize=1024%2C766&amp;ssl=1 1024w\" sizes=\"auto, (max-width: 1140px) 100vw, 1140px\" \/><\/figure><\/li><li class=\"blocks-gallery-item\"><figure><img data-recalc-dims=\"1\" loading=\"lazy\" decoding=\"async\" width=\"1140\" height=\"763\" data-attachment-id=\"1304\" data-permalink=\"https:\/\/andrea.tomitsch.net\/en\/2010\/04\/zeit-und-werkzeugen\/leobenerin-andrea-r-tomitsch-im-kuenstlerhaus-in-graz\/\" data-orig-file=\"https:\/\/i0.wp.com\/andrea.tomitsch.net\/wp-content\/uploads\/2018\/05\/Leobenerin-Andrea-R-Tomitsch-im-K%C3%BCnstlerhaus-in-Graz-.jpg?fit=2420%2C1620&amp;ssl=1\" data-orig-size=\"2420,1620\" data-comments-opened=\"0\" data-image-meta=\"{&quot;aperture&quot;:&quot;4.5&quot;,&quot;credit&quot;:&quot;&quot;,&quot;camera&quot;:&quot;NIKON D80&quot;,&quot;caption&quot;:&quot;&quot;,&quot;created_timestamp&quot;:&quot;1272802614&quot;,&quot;copyright&quot;:&quot;&quot;,&quot;focal_length&quot;:&quot;70&quot;,&quot;iso&quot;:&quot;100&quot;,&quot;shutter_speed&quot;:&quot;0.016666666666667&quot;,&quot;title&quot;:&quot;&quot;,&quot;orientation&quot;:&quot;1&quot;}\" data-image-title=\"&amp;#8220;ZEIT-und WERKZEUGEN&amp;#8221; K\u00fcnstlerhaus Graz\" data-image-description=\"\" data-image-caption=\"&lt;p&gt;Andrea R Tomitsch&lt;\/p&gt;\n\" data-large-file=\"https:\/\/i0.wp.com\/andrea.tomitsch.net\/wp-content\/uploads\/2018\/05\/Leobenerin-Andrea-R-Tomitsch-im-K%C3%BCnstlerhaus-in-Graz-.jpg?fit=1024%2C685&amp;ssl=1\" src=\"https:\/\/i0.wp.com\/andrea.tomitsch.net\/wp-content\/uploads\/2018\/05\/Leobenerin-Andrea-R-Tomitsch-im-K%C3%BCnstlerhaus-in-Graz-.jpg?resize=1140%2C763&#038;ssl=1\" alt=\"\" data-id=\"1304\" class=\"wp-image-1304\" srcset=\"https:\/\/i0.wp.com\/andrea.tomitsch.net\/wp-content\/uploads\/2018\/05\/Leobenerin-Andrea-R-Tomitsch-im-K%C3%BCnstlerhaus-in-Graz-.jpg?w=2420&amp;ssl=1 2420w, https:\/\/i0.wp.com\/andrea.tomitsch.net\/wp-content\/uploads\/2018\/05\/Leobenerin-Andrea-R-Tomitsch-im-K%C3%BCnstlerhaus-in-Graz-.jpg?resize=300%2C201&amp;ssl=1 300w, https:\/\/i0.wp.com\/andrea.tomitsch.net\/wp-content\/uploads\/2018\/05\/Leobenerin-Andrea-R-Tomitsch-im-K%C3%BCnstlerhaus-in-Graz-.jpg?resize=768%2C514&amp;ssl=1 768w, https:\/\/i0.wp.com\/andrea.tomitsch.net\/wp-content\/uploads\/2018\/05\/Leobenerin-Andrea-R-Tomitsch-im-K%C3%BCnstlerhaus-in-Graz-.jpg?resize=1024%2C685&amp;ssl=1 1024w, https:\/\/i0.wp.com\/andrea.tomitsch.net\/wp-content\/uploads\/2018\/05\/Leobenerin-Andrea-R-Tomitsch-im-K%C3%BCnstlerhaus-in-Graz-.jpg?w=2280&amp;ssl=1 2280w\" sizes=\"auto, (max-width: 1140px) 100vw, 1140px\" \/><\/figure><\/li><li class=\"blocks-gallery-item\"><figure><img data-recalc-dims=\"1\" loading=\"lazy\" decoding=\"async\" width=\"1140\" height=\"763\" data-attachment-id=\"1446\" data-permalink=\"https:\/\/andrea.tomitsch.net\/en\/2010\/04\/zeit-und-werkzeugen\/vbk-kuenstlerhaus-artomitsch1\/\" data-orig-file=\"https:\/\/i0.wp.com\/andrea.tomitsch.net\/wp-content\/uploads\/2010\/04\/VBK-K%C3%BCnstlerhaus-ARTomitsch1.jpg?fit=1549%2C1037&amp;ssl=1\" data-orig-size=\"1549,1037\" data-comments-opened=\"0\" data-image-meta=\"{&quot;aperture&quot;:&quot;4&quot;,&quot;credit&quot;:&quot;&quot;,&quot;camera&quot;:&quot;NIKON D80&quot;,&quot;caption&quot;:&quot;&quot;,&quot;created_timestamp&quot;:&quot;1272801652&quot;,&quot;copyright&quot;:&quot;&quot;,&quot;focal_length&quot;:&quot;31&quot;,&quot;iso&quot;:&quot;100&quot;,&quot;shutter_speed&quot;:&quot;0.016666666666667&quot;,&quot;title&quot;:&quot;&quot;,&quot;orientation&quot;:&quot;1&quot;}\" data-image-title=\"&amp;#8220;ZEIT-und WERKZEUGEN&amp;#8221; K\u00fcnstlerhaus Graz\" data-image-description=\"\" data-image-caption=\"&lt;p&gt;Finissage&lt;\/p&gt;\n\" data-large-file=\"https:\/\/i0.wp.com\/andrea.tomitsch.net\/wp-content\/uploads\/2010\/04\/VBK-K%C3%BCnstlerhaus-ARTomitsch1.jpg?fit=1024%2C686&amp;ssl=1\" src=\"https:\/\/i0.wp.com\/andrea.tomitsch.net\/wp-content\/uploads\/2010\/04\/VBK-K%C3%BCnstlerhaus-ARTomitsch1.jpg?resize=1140%2C763&#038;ssl=1\" alt=\"\" data-id=\"1446\" class=\"wp-image-1446\" srcset=\"https:\/\/i0.wp.com\/andrea.tomitsch.net\/wp-content\/uploads\/2010\/04\/VBK-K%C3%BCnstlerhaus-ARTomitsch1.jpg?w=1549&amp;ssl=1 1549w, https:\/\/i0.wp.com\/andrea.tomitsch.net\/wp-content\/uploads\/2010\/04\/VBK-K%C3%BCnstlerhaus-ARTomitsch1.jpg?resize=300%2C201&amp;ssl=1 300w, https:\/\/i0.wp.com\/andrea.tomitsch.net\/wp-content\/uploads\/2010\/04\/VBK-K%C3%BCnstlerhaus-ARTomitsch1.jpg?resize=768%2C514&amp;ssl=1 768w, https:\/\/i0.wp.com\/andrea.tomitsch.net\/wp-content\/uploads\/2010\/04\/VBK-K%C3%BCnstlerhaus-ARTomitsch1.jpg?resize=1024%2C686&amp;ssl=1 1024w\" sizes=\"auto, (max-width: 1140px) 100vw, 1140px\" \/><\/figure><\/li><li class=\"blocks-gallery-item\"><figure><img data-recalc-dims=\"1\" loading=\"lazy\" decoding=\"async\" width=\"1140\" height=\"763\" data-attachment-id=\"1447\" data-permalink=\"https:\/\/andrea.tomitsch.net\/en\/2010\/04\/zeit-und-werkzeugen\/vbk-kuenstlerhaus-artomitsch2\/\" data-orig-file=\"https:\/\/i0.wp.com\/andrea.tomitsch.net\/wp-content\/uploads\/2010\/04\/VBK-K%C3%BCnstlerhaus-ARTomitsch2.jpg?fit=1549%2C1037&amp;ssl=1\" data-orig-size=\"1549,1037\" data-comments-opened=\"0\" data-image-meta=\"{&quot;aperture&quot;:&quot;3.5&quot;,&quot;credit&quot;:&quot;&quot;,&quot;camera&quot;:&quot;NIKON D80&quot;,&quot;caption&quot;:&quot;&quot;,&quot;created_timestamp&quot;:&quot;1272800544&quot;,&quot;copyright&quot;:&quot;&quot;,&quot;focal_length&quot;:&quot;18&quot;,&quot;iso&quot;:&quot;100&quot;,&quot;shutter_speed&quot;:&quot;0.02&quot;,&quot;title&quot;:&quot;&quot;,&quot;orientation&quot;:&quot;1&quot;}\" data-image-title=\"&amp;#8220;ZEIT-und WERKZEUGEN&amp;#8221; K\u00fcnstlerhaus Graz\" data-image-description=\"\" data-image-caption=\"&lt;p&gt;Finissage&lt;\/p&gt;\n\" data-large-file=\"https:\/\/i0.wp.com\/andrea.tomitsch.net\/wp-content\/uploads\/2010\/04\/VBK-K%C3%BCnstlerhaus-ARTomitsch2.jpg?fit=1024%2C686&amp;ssl=1\" src=\"https:\/\/i0.wp.com\/andrea.tomitsch.net\/wp-content\/uploads\/2010\/04\/VBK-K%C3%BCnstlerhaus-ARTomitsch2.jpg?resize=1140%2C763&#038;ssl=1\" alt=\"\" data-id=\"1447\" class=\"wp-image-1447\" srcset=\"https:\/\/i0.wp.com\/andrea.tomitsch.net\/wp-content\/uploads\/2010\/04\/VBK-K%C3%BCnstlerhaus-ARTomitsch2.jpg?w=1549&amp;ssl=1 1549w, https:\/\/i0.wp.com\/andrea.tomitsch.net\/wp-content\/uploads\/2010\/04\/VBK-K%C3%BCnstlerhaus-ARTomitsch2.jpg?resize=300%2C201&amp;ssl=1 300w, https:\/\/i0.wp.com\/andrea.tomitsch.net\/wp-content\/uploads\/2010\/04\/VBK-K%C3%BCnstlerhaus-ARTomitsch2.jpg?resize=768%2C514&amp;ssl=1 768w, https:\/\/i0.wp.com\/andrea.tomitsch.net\/wp-content\/uploads\/2010\/04\/VBK-K%C3%BCnstlerhaus-ARTomitsch2.jpg?resize=1024%2C686&amp;ssl=1 1024w\" sizes=\"auto, (max-width: 1140px) 100vw, 1140px\" \/><\/figure><\/li><li class=\"blocks-gallery-item\"><figure><img data-recalc-dims=\"1\" loading=\"lazy\" decoding=\"async\" width=\"1140\" height=\"763\" data-attachment-id=\"1448\" data-permalink=\"https:\/\/andrea.tomitsch.net\/en\/2010\/04\/zeit-und-werkzeugen\/vbk-kuenstlerhaus-artomitsch3\/\" data-orig-file=\"https:\/\/i0.wp.com\/andrea.tomitsch.net\/wp-content\/uploads\/2010\/04\/VBK-K%C3%BCnstlerhaus-ARTomitsch3.jpg?fit=1549%2C1037&amp;ssl=1\" data-orig-size=\"1549,1037\" data-comments-opened=\"0\" data-image-meta=\"{&quot;aperture&quot;:&quot;3.5&quot;,&quot;credit&quot;:&quot;&quot;,&quot;camera&quot;:&quot;NIKON D80&quot;,&quot;caption&quot;:&quot;&quot;,&quot;created_timestamp&quot;:&quot;1272801339&quot;,&quot;copyright&quot;:&quot;&quot;,&quot;focal_length&quot;:&quot;18&quot;,&quot;iso&quot;:&quot;100&quot;,&quot;shutter_speed&quot;:&quot;0.05&quot;,&quot;title&quot;:&quot;&quot;,&quot;orientation&quot;:&quot;1&quot;}\" data-image-title=\"&amp;#8220;ZEIT-und WERKZEUGEN&amp;#8221; K\u00fcnstlerhaus Graz\" data-image-description=\"\" data-image-caption=\"&lt;p&gt;Finissage&lt;\/p&gt;\n\" data-large-file=\"https:\/\/i0.wp.com\/andrea.tomitsch.net\/wp-content\/uploads\/2010\/04\/VBK-K%C3%BCnstlerhaus-ARTomitsch3.jpg?fit=1024%2C686&amp;ssl=1\" src=\"https:\/\/i0.wp.com\/andrea.tomitsch.net\/wp-content\/uploads\/2010\/04\/VBK-K%C3%BCnstlerhaus-ARTomitsch3.jpg?resize=1140%2C763&#038;ssl=1\" alt=\"\" data-id=\"1448\" class=\"wp-image-1448\" srcset=\"https:\/\/i0.wp.com\/andrea.tomitsch.net\/wp-content\/uploads\/2010\/04\/VBK-K%C3%BCnstlerhaus-ARTomitsch3.jpg?w=1549&amp;ssl=1 1549w, https:\/\/i0.wp.com\/andrea.tomitsch.net\/wp-content\/uploads\/2010\/04\/VBK-K%C3%BCnstlerhaus-ARTomitsch3.jpg?resize=300%2C201&amp;ssl=1 300w, https:\/\/i0.wp.com\/andrea.tomitsch.net\/wp-content\/uploads\/2010\/04\/VBK-K%C3%BCnstlerhaus-ARTomitsch3.jpg?resize=768%2C514&amp;ssl=1 768w, https:\/\/i0.wp.com\/andrea.tomitsch.net\/wp-content\/uploads\/2010\/04\/VBK-K%C3%BCnstlerhaus-ARTomitsch3.jpg?resize=1024%2C686&amp;ssl=1 1024w\" sizes=\"auto, (max-width: 1140px) 100vw, 1140px\" \/><\/figure><\/li><li class=\"blocks-gallery-item\"><figure><img data-recalc-dims=\"1\" loading=\"lazy\" decoding=\"async\" width=\"1140\" height=\"763\" data-attachment-id=\"1449\" data-permalink=\"https:\/\/andrea.tomitsch.net\/en\/2010\/04\/zeit-und-werkzeugen\/vbk-kuenstlerhaus-artomitsch4\/\" data-orig-file=\"https:\/\/i0.wp.com\/andrea.tomitsch.net\/wp-content\/uploads\/2010\/04\/VBK-K%C3%BCnstlerhaus-ARTomitsch4.jpg?fit=1549%2C1037&amp;ssl=1\" data-orig-size=\"1549,1037\" data-comments-opened=\"0\" data-image-meta=\"{&quot;aperture&quot;:&quot;3.5&quot;,&quot;credit&quot;:&quot;&quot;,&quot;camera&quot;:&quot;NIKON D80&quot;,&quot;caption&quot;:&quot;&quot;,&quot;created_timestamp&quot;:&quot;1272801434&quot;,&quot;copyright&quot;:&quot;&quot;,&quot;focal_length&quot;:&quot;18&quot;,&quot;iso&quot;:&quot;100&quot;,&quot;shutter_speed&quot;:&quot;0.04&quot;,&quot;title&quot;:&quot;&quot;,&quot;orientation&quot;:&quot;1&quot;}\" data-image-title=\"&amp;#8220;ZEIT-und WERKZEUGEN&amp;#8221; K\u00fcnstlerhaus Graz\" data-image-description=\"\" data-image-caption=\"&lt;p&gt;Finissage&lt;\/p&gt;\n\" data-large-file=\"https:\/\/i0.wp.com\/andrea.tomitsch.net\/wp-content\/uploads\/2010\/04\/VBK-K%C3%BCnstlerhaus-ARTomitsch4.jpg?fit=1024%2C686&amp;ssl=1\" src=\"https:\/\/i0.wp.com\/andrea.tomitsch.net\/wp-content\/uploads\/2010\/04\/VBK-K%C3%BCnstlerhaus-ARTomitsch4.jpg?resize=1140%2C763&#038;ssl=1\" alt=\"\" data-id=\"1449\" class=\"wp-image-1449\" srcset=\"https:\/\/i0.wp.com\/andrea.tomitsch.net\/wp-content\/uploads\/2010\/04\/VBK-K%C3%BCnstlerhaus-ARTomitsch4.jpg?w=1549&amp;ssl=1 1549w, https:\/\/i0.wp.com\/andrea.tomitsch.net\/wp-content\/uploads\/2010\/04\/VBK-K%C3%BCnstlerhaus-ARTomitsch4.jpg?resize=300%2C201&amp;ssl=1 300w, https:\/\/i0.wp.com\/andrea.tomitsch.net\/wp-content\/uploads\/2010\/04\/VBK-K%C3%BCnstlerhaus-ARTomitsch4.jpg?resize=768%2C514&amp;ssl=1 768w, https:\/\/i0.wp.com\/andrea.tomitsch.net\/wp-content\/uploads\/2010\/04\/VBK-K%C3%BCnstlerhaus-ARTomitsch4.jpg?resize=1024%2C686&amp;ssl=1 1024w\" sizes=\"auto, (max-width: 1140px) 100vw, 1140px\" \/><\/figure><\/li><li class=\"blocks-gallery-item\"><figure><img data-recalc-dims=\"1\" loading=\"lazy\" decoding=\"async\" width=\"1140\" height=\"763\" data-attachment-id=\"1450\" data-permalink=\"https:\/\/andrea.tomitsch.net\/en\/2010\/04\/zeit-und-werkzeugen\/vbk-kuenstlerhaus-artomitsch5\/\" data-orig-file=\"https:\/\/i0.wp.com\/andrea.tomitsch.net\/wp-content\/uploads\/2010\/04\/VBK-K%C3%BCnstlerhaus-ARTomitsch5.jpg?fit=1549%2C1037&amp;ssl=1\" data-orig-size=\"1549,1037\" data-comments-opened=\"0\" data-image-meta=\"{&quot;aperture&quot;:&quot;4&quot;,&quot;credit&quot;:&quot;&quot;,&quot;camera&quot;:&quot;NIKON D80&quot;,&quot;caption&quot;:&quot;&quot;,&quot;created_timestamp&quot;:&quot;1272800686&quot;,&quot;copyright&quot;:&quot;&quot;,&quot;focal_length&quot;:&quot;18&quot;,&quot;iso&quot;:&quot;100&quot;,&quot;shutter_speed&quot;:&quot;0.016666666666667&quot;,&quot;title&quot;:&quot;&quot;,&quot;orientation&quot;:&quot;1&quot;}\" data-image-title=\"&amp;#8220;ZEIT-und WERKZEUGEN&amp;#8221; K\u00fcnstlerhaus Graz\" data-image-description=\"\" data-image-caption=\"&lt;p&gt;Finissage&lt;\/p&gt;\n\" data-large-file=\"https:\/\/i0.wp.com\/andrea.tomitsch.net\/wp-content\/uploads\/2010\/04\/VBK-K%C3%BCnstlerhaus-ARTomitsch5.jpg?fit=1024%2C686&amp;ssl=1\" src=\"https:\/\/i0.wp.com\/andrea.tomitsch.net\/wp-content\/uploads\/2010\/04\/VBK-K%C3%BCnstlerhaus-ARTomitsch5.jpg?resize=1140%2C763&#038;ssl=1\" alt=\"\" data-id=\"1450\" class=\"wp-image-1450\" srcset=\"https:\/\/i0.wp.com\/andrea.tomitsch.net\/wp-content\/uploads\/2010\/04\/VBK-K%C3%BCnstlerhaus-ARTomitsch5.jpg?w=1549&amp;ssl=1 1549w, https:\/\/i0.wp.com\/andrea.tomitsch.net\/wp-content\/uploads\/2010\/04\/VBK-K%C3%BCnstlerhaus-ARTomitsch5.jpg?resize=300%2C201&amp;ssl=1 300w, https:\/\/i0.wp.com\/andrea.tomitsch.net\/wp-content\/uploads\/2010\/04\/VBK-K%C3%BCnstlerhaus-ARTomitsch5.jpg?resize=768%2C514&amp;ssl=1 768w, https:\/\/i0.wp.com\/andrea.tomitsch.net\/wp-content\/uploads\/2010\/04\/VBK-K%C3%BCnstlerhaus-ARTomitsch5.jpg?resize=1024%2C686&amp;ssl=1 1024w\" sizes=\"auto, (max-width: 1140px) 100vw, 1140px\" \/><\/figure><\/li><li class=\"blocks-gallery-item\"><figure><img data-recalc-dims=\"1\" loading=\"lazy\" decoding=\"async\" width=\"1140\" height=\"763\" data-attachment-id=\"1452\" data-permalink=\"https:\/\/andrea.tomitsch.net\/en\/2010\/04\/zeit-und-werkzeugen\/vbk-kuenstlerhaus-artomitsch7\/\" data-orig-file=\"https:\/\/i0.wp.com\/andrea.tomitsch.net\/wp-content\/uploads\/2010\/04\/VBK-K%C3%BCnstlerhaus-ARTomitsch7.jpg?fit=1549%2C1037&amp;ssl=1\" data-orig-size=\"1549,1037\" data-comments-opened=\"0\" data-image-meta=\"{&quot;aperture&quot;:&quot;3.5&quot;,&quot;credit&quot;:&quot;&quot;,&quot;camera&quot;:&quot;NIKON D80&quot;,&quot;caption&quot;:&quot;&quot;,&quot;created_timestamp&quot;:&quot;1272800665&quot;,&quot;copyright&quot;:&quot;&quot;,&quot;focal_length&quot;:&quot;18&quot;,&quot;iso&quot;:&quot;100&quot;,&quot;shutter_speed&quot;:&quot;0.02&quot;,&quot;title&quot;:&quot;&quot;,&quot;orientation&quot;:&quot;1&quot;}\" data-image-title=\"&amp;#8220;ZEIT-und WERKZEUGEN&amp;#8221; K\u00fcnstlerhaus Graz\" data-image-description=\"&lt;p&gt;&amp;#8220;3Bilder&amp;#8221; von ARTomitsch&lt;\/p&gt;\n\" data-image-caption=\"&lt;p&gt;Finissage&lt;\/p&gt;\n\" data-large-file=\"https:\/\/i0.wp.com\/andrea.tomitsch.net\/wp-content\/uploads\/2010\/04\/VBK-K%C3%BCnstlerhaus-ARTomitsch7.jpg?fit=1024%2C686&amp;ssl=1\" src=\"https:\/\/i0.wp.com\/andrea.tomitsch.net\/wp-content\/uploads\/2010\/04\/VBK-K%C3%BCnstlerhaus-ARTomitsch7.jpg?resize=1140%2C763&#038;ssl=1\" alt=\"\" data-id=\"1452\" class=\"wp-image-1452\" srcset=\"https:\/\/i0.wp.com\/andrea.tomitsch.net\/wp-content\/uploads\/2010\/04\/VBK-K%C3%BCnstlerhaus-ARTomitsch7.jpg?w=1549&amp;ssl=1 1549w, https:\/\/i0.wp.com\/andrea.tomitsch.net\/wp-content\/uploads\/2010\/04\/VBK-K%C3%BCnstlerhaus-ARTomitsch7.jpg?resize=300%2C201&amp;ssl=1 300w, https:\/\/i0.wp.com\/andrea.tomitsch.net\/wp-content\/uploads\/2010\/04\/VBK-K%C3%BCnstlerhaus-ARTomitsch7.jpg?resize=768%2C514&amp;ssl=1 768w, https:\/\/i0.wp.com\/andrea.tomitsch.net\/wp-content\/uploads\/2010\/04\/VBK-K%C3%BCnstlerhaus-ARTomitsch7.jpg?resize=1024%2C686&amp;ssl=1 1024w\" sizes=\"auto, (max-width: 1140px) 100vw, 1140px\" \/><\/figure><\/li><li class=\"blocks-gallery-item\"><figure><img data-recalc-dims=\"1\" loading=\"lazy\" decoding=\"async\" width=\"1140\" height=\"763\" data-attachment-id=\"1464\" data-permalink=\"https:\/\/andrea.tomitsch.net\/en\/2010\/04\/zeit-und-werkzeugen\/vbk-kuenstlerhaus-artomitsch19\/\" data-orig-file=\"https:\/\/i0.wp.com\/andrea.tomitsch.net\/wp-content\/uploads\/2010\/04\/VBK-K%C3%BCnstlerhaus-ARTomitsch19.jpg?fit=1549%2C1037&amp;ssl=1\" data-orig-size=\"1549,1037\" data-comments-opened=\"0\" data-image-meta=\"{&quot;aperture&quot;:&quot;4.5&quot;,&quot;credit&quot;:&quot;&quot;,&quot;camera&quot;:&quot;NIKON D80&quot;,&quot;caption&quot;:&quot;&quot;,&quot;created_timestamp&quot;:&quot;1272802542&quot;,&quot;copyright&quot;:&quot;&quot;,&quot;focal_length&quot;:&quot;55&quot;,&quot;iso&quot;:&quot;100&quot;,&quot;shutter_speed&quot;:&quot;0.016666666666667&quot;,&quot;title&quot;:&quot;&quot;,&quot;orientation&quot;:&quot;1&quot;}\" data-image-title=\"&amp;#8220;ZEIT-und WERKZEUGEN&amp;#8221; K\u00fcnstlerhaus Graz\" data-image-description=\"&lt;p&gt; Artomitsch mit dem Bild &amp;#8220;Gedanken zum Tod&amp;#8221;&lt;\/p&gt;\n\" data-image-caption=\"&lt;p&gt;Finissage&lt;\/p&gt;\n\" data-large-file=\"https:\/\/i0.wp.com\/andrea.tomitsch.net\/wp-content\/uploads\/2010\/04\/VBK-K%C3%BCnstlerhaus-ARTomitsch19.jpg?fit=1024%2C686&amp;ssl=1\" src=\"https:\/\/i0.wp.com\/andrea.tomitsch.net\/wp-content\/uploads\/2010\/04\/VBK-K%C3%BCnstlerhaus-ARTomitsch19.jpg?resize=1140%2C763&#038;ssl=1\" alt=\"\" data-id=\"1464\" class=\"wp-image-1464\" srcset=\"https:\/\/i0.wp.com\/andrea.tomitsch.net\/wp-content\/uploads\/2010\/04\/VBK-K%C3%BCnstlerhaus-ARTomitsch19.jpg?w=1549&amp;ssl=1 1549w, https:\/\/i0.wp.com\/andrea.tomitsch.net\/wp-content\/uploads\/2010\/04\/VBK-K%C3%BCnstlerhaus-ARTomitsch19.jpg?resize=300%2C201&amp;ssl=1 300w, https:\/\/i0.wp.com\/andrea.tomitsch.net\/wp-content\/uploads\/2010\/04\/VBK-K%C3%BCnstlerhaus-ARTomitsch19.jpg?resize=768%2C514&amp;ssl=1 768w, https:\/\/i0.wp.com\/andrea.tomitsch.net\/wp-content\/uploads\/2010\/04\/VBK-K%C3%BCnstlerhaus-ARTomitsch19.jpg?resize=1024%2C686&amp;ssl=1 1024w\" sizes=\"auto, (max-width: 1140px) 100vw, 1140px\" \/><\/figure><\/li><li class=\"blocks-gallery-item\"><figure><img data-recalc-dims=\"1\" loading=\"lazy\" decoding=\"async\" width=\"1140\" height=\"763\" data-attachment-id=\"1453\" data-permalink=\"https:\/\/andrea.tomitsch.net\/en\/2010\/04\/zeit-und-werkzeugen\/vbk-kuenstlerhaus-artomitsch8\/\" data-orig-file=\"https:\/\/i0.wp.com\/andrea.tomitsch.net\/wp-content\/uploads\/2010\/04\/VBK-K%C3%BCnstlerhaus-ARTomitsch8.jpg?fit=1549%2C1037&amp;ssl=1\" data-orig-size=\"1549,1037\" data-comments-opened=\"0\" data-image-meta=\"{&quot;aperture&quot;:&quot;4&quot;,&quot;credit&quot;:&quot;&quot;,&quot;camera&quot;:&quot;NIKON D80&quot;,&quot;caption&quot;:&quot;&quot;,&quot;created_timestamp&quot;:&quot;1272801508&quot;,&quot;copyright&quot;:&quot;&quot;,&quot;focal_length&quot;:&quot;18&quot;,&quot;iso&quot;:&quot;100&quot;,&quot;shutter_speed&quot;:&quot;0.016666666666667&quot;,&quot;title&quot;:&quot;&quot;,&quot;orientation&quot;:&quot;1&quot;}\" data-image-title=\"&amp;#8220;ZEIT-und WERKZEUGEN&amp;#8221; K\u00fcnstlerhaus Graz\" data-image-description=\"&lt;p&gt;&amp;#8220;2Bilder&amp;#8221; von ARTomitsch&lt;\/p&gt;\n\" data-image-caption=\"&lt;p&gt;Finissage&lt;\/p&gt;\n\" data-large-file=\"https:\/\/i0.wp.com\/andrea.tomitsch.net\/wp-content\/uploads\/2010\/04\/VBK-K%C3%BCnstlerhaus-ARTomitsch8.jpg?fit=1024%2C686&amp;ssl=1\" src=\"https:\/\/i0.wp.com\/andrea.tomitsch.net\/wp-content\/uploads\/2010\/04\/VBK-K%C3%BCnstlerhaus-ARTomitsch8.jpg?resize=1140%2C763&#038;ssl=1\" alt=\"\" data-id=\"1453\" class=\"wp-image-1453\" srcset=\"https:\/\/i0.wp.com\/andrea.tomitsch.net\/wp-content\/uploads\/2010\/04\/VBK-K%C3%BCnstlerhaus-ARTomitsch8.jpg?w=1549&amp;ssl=1 1549w, https:\/\/i0.wp.com\/andrea.tomitsch.net\/wp-content\/uploads\/2010\/04\/VBK-K%C3%BCnstlerhaus-ARTomitsch8.jpg?resize=300%2C201&amp;ssl=1 300w, https:\/\/i0.wp.com\/andrea.tomitsch.net\/wp-content\/uploads\/2010\/04\/VBK-K%C3%BCnstlerhaus-ARTomitsch8.jpg?resize=768%2C514&amp;ssl=1 768w, https:\/\/i0.wp.com\/andrea.tomitsch.net\/wp-content\/uploads\/2010\/04\/VBK-K%C3%BCnstlerhaus-ARTomitsch8.jpg?resize=1024%2C686&amp;ssl=1 1024w\" sizes=\"auto, (max-width: 1140px) 100vw, 1140px\" \/><\/figure><\/li><li class=\"blocks-gallery-item\"><figure><img data-recalc-dims=\"1\" loading=\"lazy\" decoding=\"async\" width=\"1140\" height=\"763\" data-attachment-id=\"1454\" data-permalink=\"https:\/\/andrea.tomitsch.net\/en\/2010\/04\/zeit-und-werkzeugen\/vbk-kuenstlerhaus-artomitsch9\/\" data-orig-file=\"https:\/\/i0.wp.com\/andrea.tomitsch.net\/wp-content\/uploads\/2010\/04\/VBK-K%C3%BCnstlerhaus-ARTomitsch9.jpg?fit=1549%2C1037&amp;ssl=1\" data-orig-size=\"1549,1037\" data-comments-opened=\"0\" data-image-meta=\"{&quot;aperture&quot;:&quot;4.5&quot;,&quot;credit&quot;:&quot;&quot;,&quot;camera&quot;:&quot;NIKON D80&quot;,&quot;caption&quot;:&quot;&quot;,&quot;created_timestamp&quot;:&quot;1272800703&quot;,&quot;copyright&quot;:&quot;&quot;,&quot;focal_length&quot;:&quot;50&quot;,&quot;iso&quot;:&quot;100&quot;,&quot;shutter_speed&quot;:&quot;0.016666666666667&quot;,&quot;title&quot;:&quot;&quot;,&quot;orientation&quot;:&quot;1&quot;}\" data-image-title=\"&amp;#8220;ZEIT-und WERKZEUGEN&amp;#8221; K\u00fcnstlerhaus Graz\" data-image-description=\"\" data-image-caption=\"&lt;p&gt;Finissage&lt;\/p&gt;\n\" data-large-file=\"https:\/\/i0.wp.com\/andrea.tomitsch.net\/wp-content\/uploads\/2010\/04\/VBK-K%C3%BCnstlerhaus-ARTomitsch9.jpg?fit=1024%2C686&amp;ssl=1\" src=\"https:\/\/i0.wp.com\/andrea.tomitsch.net\/wp-content\/uploads\/2010\/04\/VBK-K%C3%BCnstlerhaus-ARTomitsch9.jpg?resize=1140%2C763&#038;ssl=1\" alt=\"\" data-id=\"1454\" class=\"wp-image-1454\" srcset=\"https:\/\/i0.wp.com\/andrea.tomitsch.net\/wp-content\/uploads\/2010\/04\/VBK-K%C3%BCnstlerhaus-ARTomitsch9.jpg?w=1549&amp;ssl=1 1549w, https:\/\/i0.wp.com\/andrea.tomitsch.net\/wp-content\/uploads\/2010\/04\/VBK-K%C3%BCnstlerhaus-ARTomitsch9.jpg?resize=300%2C201&amp;ssl=1 300w, https:\/\/i0.wp.com\/andrea.tomitsch.net\/wp-content\/uploads\/2010\/04\/VBK-K%C3%BCnstlerhaus-ARTomitsch9.jpg?resize=768%2C514&amp;ssl=1 768w, https:\/\/i0.wp.com\/andrea.tomitsch.net\/wp-content\/uploads\/2010\/04\/VBK-K%C3%BCnstlerhaus-ARTomitsch9.jpg?resize=1024%2C686&amp;ssl=1 1024w\" sizes=\"auto, (max-width: 1140px) 100vw, 1140px\" \/><\/figure><\/li><li class=\"blocks-gallery-item\"><figure><img data-recalc-dims=\"1\" loading=\"lazy\" decoding=\"async\" width=\"1140\" height=\"763\" data-attachment-id=\"1455\" data-permalink=\"https:\/\/andrea.tomitsch.net\/en\/2010\/04\/zeit-und-werkzeugen\/vbk-kuenstlerhaus-artomitsch10\/\" data-orig-file=\"https:\/\/i0.wp.com\/andrea.tomitsch.net\/wp-content\/uploads\/2010\/04\/VBK-K%C3%BCnstlerhaus-ARTomitsch10.jpg?fit=1549%2C1037&amp;ssl=1\" data-orig-size=\"1549,1037\" data-comments-opened=\"0\" data-image-meta=\"{&quot;aperture&quot;:&quot;4.5&quot;,&quot;credit&quot;:&quot;&quot;,&quot;camera&quot;:&quot;NIKON D80&quot;,&quot;caption&quot;:&quot;&quot;,&quot;created_timestamp&quot;:&quot;1272801581&quot;,&quot;copyright&quot;:&quot;&quot;,&quot;focal_length&quot;:&quot;40&quot;,&quot;iso&quot;:&quot;100&quot;,&quot;shutter_speed&quot;:&quot;0.016666666666667&quot;,&quot;title&quot;:&quot;&quot;,&quot;orientation&quot;:&quot;1&quot;}\" data-image-title=\"&amp;#8220;ZEIT-und WERKZEUGEN&amp;#8221; K\u00fcnstlerhaus Graz\" data-image-description=\"\" data-image-caption=\"&lt;p&gt;Finissage&lt;\/p&gt;\n\" data-large-file=\"https:\/\/i0.wp.com\/andrea.tomitsch.net\/wp-content\/uploads\/2010\/04\/VBK-K%C3%BCnstlerhaus-ARTomitsch10.jpg?fit=1024%2C686&amp;ssl=1\" src=\"https:\/\/i0.wp.com\/andrea.tomitsch.net\/wp-content\/uploads\/2010\/04\/VBK-K%C3%BCnstlerhaus-ARTomitsch10.jpg?resize=1140%2C763&#038;ssl=1\" alt=\"\" data-id=\"1455\" class=\"wp-image-1455\" srcset=\"https:\/\/i0.wp.com\/andrea.tomitsch.net\/wp-content\/uploads\/2010\/04\/VBK-K%C3%BCnstlerhaus-ARTomitsch10.jpg?w=1549&amp;ssl=1 1549w, https:\/\/i0.wp.com\/andrea.tomitsch.net\/wp-content\/uploads\/2010\/04\/VBK-K%C3%BCnstlerhaus-ARTomitsch10.jpg?resize=300%2C201&amp;ssl=1 300w, https:\/\/i0.wp.com\/andrea.tomitsch.net\/wp-content\/uploads\/2010\/04\/VBK-K%C3%BCnstlerhaus-ARTomitsch10.jpg?resize=768%2C514&amp;ssl=1 768w, https:\/\/i0.wp.com\/andrea.tomitsch.net\/wp-content\/uploads\/2010\/04\/VBK-K%C3%BCnstlerhaus-ARTomitsch10.jpg?resize=1024%2C686&amp;ssl=1 1024w\" sizes=\"auto, (max-width: 1140px) 100vw, 1140px\" \/><\/figure><\/li><li class=\"blocks-gallery-item\"><figure><img data-recalc-dims=\"1\" loading=\"lazy\" decoding=\"async\" width=\"1140\" height=\"763\" data-attachment-id=\"1456\" data-permalink=\"https:\/\/andrea.tomitsch.net\/en\/2010\/04\/zeit-und-werkzeugen\/vbk-kuenstlerhaus-artomitsch11\/\" data-orig-file=\"https:\/\/i0.wp.com\/andrea.tomitsch.net\/wp-content\/uploads\/2010\/04\/VBK-K%C3%BCnstlerhaus-ARTomitsch11.jpg?fit=1549%2C1037&amp;ssl=1\" data-orig-size=\"1549,1037\" data-comments-opened=\"0\" data-image-meta=\"{&quot;aperture&quot;:&quot;4.5&quot;,&quot;credit&quot;:&quot;&quot;,&quot;camera&quot;:&quot;NIKON D80&quot;,&quot;caption&quot;:&quot;&quot;,&quot;created_timestamp&quot;:&quot;1272802525&quot;,&quot;copyright&quot;:&quot;&quot;,&quot;focal_length&quot;:&quot;70&quot;,&quot;iso&quot;:&quot;100&quot;,&quot;shutter_speed&quot;:&quot;0.016666666666667&quot;,&quot;title&quot;:&quot;&quot;,&quot;orientation&quot;:&quot;1&quot;}\" data-image-title=\"&amp;#8220;ZEIT-und WERKZEUGEN&amp;#8221; K\u00fcnstlerhaus Graz\" data-image-description=\"&lt;p&gt; Artomitsch mit dem Bild &amp;#8220;Gedanken zum Tod&amp;#8221;&lt;\/p&gt;\n\" data-image-caption=\"&lt;p&gt;Finissage&lt;\/p&gt;\n\" data-large-file=\"https:\/\/i0.wp.com\/andrea.tomitsch.net\/wp-content\/uploads\/2010\/04\/VBK-K%C3%BCnstlerhaus-ARTomitsch11.jpg?fit=1024%2C686&amp;ssl=1\" src=\"https:\/\/i0.wp.com\/andrea.tomitsch.net\/wp-content\/uploads\/2010\/04\/VBK-K%C3%BCnstlerhaus-ARTomitsch11.jpg?resize=1140%2C763&#038;ssl=1\" alt=\"\" data-id=\"1456\" class=\"wp-image-1456\" srcset=\"https:\/\/i0.wp.com\/andrea.tomitsch.net\/wp-content\/uploads\/2010\/04\/VBK-K%C3%BCnstlerhaus-ARTomitsch11.jpg?w=1549&amp;ssl=1 1549w, https:\/\/i0.wp.com\/andrea.tomitsch.net\/wp-content\/uploads\/2010\/04\/VBK-K%C3%BCnstlerhaus-ARTomitsch11.jpg?resize=300%2C201&amp;ssl=1 300w, https:\/\/i0.wp.com\/andrea.tomitsch.net\/wp-content\/uploads\/2010\/04\/VBK-K%C3%BCnstlerhaus-ARTomitsch11.jpg?resize=768%2C514&amp;ssl=1 768w, https:\/\/i0.wp.com\/andrea.tomitsch.net\/wp-content\/uploads\/2010\/04\/VBK-K%C3%BCnstlerhaus-ARTomitsch11.jpg?resize=1024%2C686&amp;ssl=1 1024w\" sizes=\"auto, (max-width: 1140px) 100vw, 1140px\" \/><\/figure><\/li><li class=\"blocks-gallery-item\"><figure><img data-recalc-dims=\"1\" loading=\"lazy\" decoding=\"async\" width=\"1140\" height=\"763\" data-attachment-id=\"1458\" data-permalink=\"https:\/\/andrea.tomitsch.net\/en\/2010\/04\/zeit-und-werkzeugen\/vbk-kuenstlerhaus-artomitsch13\/\" data-orig-file=\"https:\/\/i0.wp.com\/andrea.tomitsch.net\/wp-content\/uploads\/2010\/04\/VBK-K%C3%BCnstlerhaus-ARTomitsch13.jpg?fit=1549%2C1037&amp;ssl=1\" data-orig-size=\"1549,1037\" data-comments-opened=\"0\" data-image-meta=\"{&quot;aperture&quot;:&quot;4.5&quot;,&quot;credit&quot;:&quot;&quot;,&quot;camera&quot;:&quot;NIKON D80&quot;,&quot;caption&quot;:&quot;&quot;,&quot;created_timestamp&quot;:&quot;1272801557&quot;,&quot;copyright&quot;:&quot;&quot;,&quot;focal_length&quot;:&quot;40&quot;,&quot;iso&quot;:&quot;100&quot;,&quot;shutter_speed&quot;:&quot;0.016666666666667&quot;,&quot;title&quot;:&quot;&quot;,&quot;orientation&quot;:&quot;1&quot;}\" data-image-title=\"&amp;#8220;ZEIT-und WERKZEUGEN&amp;#8221; K\u00fcnstlerhaus Graz\" data-image-description=\"&lt;p&gt;&amp;#8220;Leoben&amp;#8221; von ARTomitsch&lt;\/p&gt;\n\" data-image-caption=\"&lt;p&gt;Finissage&lt;\/p&gt;\n\" data-large-file=\"https:\/\/i0.wp.com\/andrea.tomitsch.net\/wp-content\/uploads\/2010\/04\/VBK-K%C3%BCnstlerhaus-ARTomitsch13.jpg?fit=1024%2C686&amp;ssl=1\" src=\"https:\/\/i0.wp.com\/andrea.tomitsch.net\/wp-content\/uploads\/2010\/04\/VBK-K%C3%BCnstlerhaus-ARTomitsch13.jpg?resize=1140%2C763&#038;ssl=1\" alt=\"\" data-id=\"1458\" class=\"wp-image-1458\" srcset=\"https:\/\/i0.wp.com\/andrea.tomitsch.net\/wp-content\/uploads\/2010\/04\/VBK-K%C3%BCnstlerhaus-ARTomitsch13.jpg?w=1549&amp;ssl=1 1549w, https:\/\/i0.wp.com\/andrea.tomitsch.net\/wp-content\/uploads\/2010\/04\/VBK-K%C3%BCnstlerhaus-ARTomitsch13.jpg?resize=300%2C201&amp;ssl=1 300w, https:\/\/i0.wp.com\/andrea.tomitsch.net\/wp-content\/uploads\/2010\/04\/VBK-K%C3%BCnstlerhaus-ARTomitsch13.jpg?resize=768%2C514&amp;ssl=1 768w, https:\/\/i0.wp.com\/andrea.tomitsch.net\/wp-content\/uploads\/2010\/04\/VBK-K%C3%BCnstlerhaus-ARTomitsch13.jpg?resize=1024%2C686&amp;ssl=1 1024w\" sizes=\"auto, (max-width: 1140px) 100vw, 1140px\" \/><\/figure><\/li><li class=\"blocks-gallery-item\"><figure><img data-recalc-dims=\"1\" loading=\"lazy\" decoding=\"async\" width=\"1140\" height=\"763\" data-attachment-id=\"1457\" data-permalink=\"https:\/\/andrea.tomitsch.net\/en\/2010\/04\/zeit-und-werkzeugen\/vbk-kuenstlerhaus-artomitsch12\/\" data-orig-file=\"https:\/\/i0.wp.com\/andrea.tomitsch.net\/wp-content\/uploads\/2010\/04\/VBK-K%C3%BCnstlerhaus-ARTomitsch12.jpg?fit=1549%2C1037&amp;ssl=1\" data-orig-size=\"1549,1037\" data-comments-opened=\"0\" data-image-meta=\"{&quot;aperture&quot;:&quot;5.6&quot;,&quot;credit&quot;:&quot;&quot;,&quot;camera&quot;:&quot;NIKON D80&quot;,&quot;caption&quot;:&quot;&quot;,&quot;created_timestamp&quot;:&quot;1272800743&quot;,&quot;copyright&quot;:&quot;&quot;,&quot;focal_length&quot;:&quot;18&quot;,&quot;iso&quot;:&quot;100&quot;,&quot;shutter_speed&quot;:&quot;0.008&quot;,&quot;title&quot;:&quot;&quot;,&quot;orientation&quot;:&quot;1&quot;}\" data-image-title=\"&amp;#8220;ZEIT-und WERKZEUGEN&amp;#8221; K\u00fcnstlerhaus Graz\" data-image-description=\"\" data-image-caption=\"&lt;p&gt;Finissage&lt;\/p&gt;\n\" data-large-file=\"https:\/\/i0.wp.com\/andrea.tomitsch.net\/wp-content\/uploads\/2010\/04\/VBK-K%C3%BCnstlerhaus-ARTomitsch12.jpg?fit=1024%2C686&amp;ssl=1\" src=\"https:\/\/i0.wp.com\/andrea.tomitsch.net\/wp-content\/uploads\/2010\/04\/VBK-K%C3%BCnstlerhaus-ARTomitsch12.jpg?resize=1140%2C763&#038;ssl=1\" alt=\"\" data-id=\"1457\" class=\"wp-image-1457\" srcset=\"https:\/\/i0.wp.com\/andrea.tomitsch.net\/wp-content\/uploads\/2010\/04\/VBK-K%C3%BCnstlerhaus-ARTomitsch12.jpg?w=1549&amp;ssl=1 1549w, https:\/\/i0.wp.com\/andrea.tomitsch.net\/wp-content\/uploads\/2010\/04\/VBK-K%C3%BCnstlerhaus-ARTomitsch12.jpg?resize=300%2C201&amp;ssl=1 300w, https:\/\/i0.wp.com\/andrea.tomitsch.net\/wp-content\/uploads\/2010\/04\/VBK-K%C3%BCnstlerhaus-ARTomitsch12.jpg?resize=768%2C514&amp;ssl=1 768w, https:\/\/i0.wp.com\/andrea.tomitsch.net\/wp-content\/uploads\/2010\/04\/VBK-K%C3%BCnstlerhaus-ARTomitsch12.jpg?resize=1024%2C686&amp;ssl=1 1024w\" sizes=\"auto, (max-width: 1140px) 100vw, 1140px\" \/><\/figure><\/li><li class=\"blocks-gallery-item\"><figure><img data-recalc-dims=\"1\" loading=\"lazy\" decoding=\"async\" width=\"1140\" height=\"763\" data-attachment-id=\"1459\" data-permalink=\"https:\/\/andrea.tomitsch.net\/en\/2010\/04\/zeit-und-werkzeugen\/vbk-kuenstlerhaus-artomitsch14\/\" data-orig-file=\"https:\/\/i0.wp.com\/andrea.tomitsch.net\/wp-content\/uploads\/2010\/04\/VBK-K%C3%BCnstlerhaus-ARTomitsch14.jpg?fit=1549%2C1037&amp;ssl=1\" data-orig-size=\"1549,1037\" data-comments-opened=\"0\" data-image-meta=\"{&quot;aperture&quot;:&quot;4.5&quot;,&quot;credit&quot;:&quot;&quot;,&quot;camera&quot;:&quot;NIKON D80&quot;,&quot;caption&quot;:&quot;&quot;,&quot;created_timestamp&quot;:&quot;1272800732&quot;,&quot;copyright&quot;:&quot;&quot;,&quot;focal_length&quot;:&quot;70&quot;,&quot;iso&quot;:&quot;100&quot;,&quot;shutter_speed&quot;:&quot;0.033333333333333&quot;,&quot;title&quot;:&quot;&quot;,&quot;orientation&quot;:&quot;1&quot;}\" data-image-title=\"&amp;#8220;ZEIT-und WERKZEUGEN&amp;#8221; K\u00fcnstlerhaus Graz\" data-image-description=\"\" data-image-caption=\"&lt;p&gt;Finissage&lt;\/p&gt;\n\" data-large-file=\"https:\/\/i0.wp.com\/andrea.tomitsch.net\/wp-content\/uploads\/2010\/04\/VBK-K%C3%BCnstlerhaus-ARTomitsch14.jpg?fit=1024%2C686&amp;ssl=1\" src=\"https:\/\/i0.wp.com\/andrea.tomitsch.net\/wp-content\/uploads\/2010\/04\/VBK-K%C3%BCnstlerhaus-ARTomitsch14.jpg?resize=1140%2C763&#038;ssl=1\" alt=\"\" data-id=\"1459\" class=\"wp-image-1459\" srcset=\"https:\/\/i0.wp.com\/andrea.tomitsch.net\/wp-content\/uploads\/2010\/04\/VBK-K%C3%BCnstlerhaus-ARTomitsch14.jpg?w=1549&amp;ssl=1 1549w, https:\/\/i0.wp.com\/andrea.tomitsch.net\/wp-content\/uploads\/2010\/04\/VBK-K%C3%BCnstlerhaus-ARTomitsch14.jpg?resize=300%2C201&amp;ssl=1 300w, https:\/\/i0.wp.com\/andrea.tomitsch.net\/wp-content\/uploads\/2010\/04\/VBK-K%C3%BCnstlerhaus-ARTomitsch14.jpg?resize=768%2C514&amp;ssl=1 768w, https:\/\/i0.wp.com\/andrea.tomitsch.net\/wp-content\/uploads\/2010\/04\/VBK-K%C3%BCnstlerhaus-ARTomitsch14.jpg?resize=1024%2C686&amp;ssl=1 1024w\" sizes=\"auto, (max-width: 1140px) 100vw, 1140px\" \/><\/figure><\/li><li class=\"blocks-gallery-item\"><figure><img data-recalc-dims=\"1\" loading=\"lazy\" decoding=\"async\" width=\"1140\" height=\"763\" data-attachment-id=\"1460\" data-permalink=\"https:\/\/andrea.tomitsch.net\/en\/2010\/04\/zeit-und-werkzeugen\/vbk-kuenstlerhaus-artomitsch15\/\" data-orig-file=\"https:\/\/i0.wp.com\/andrea.tomitsch.net\/wp-content\/uploads\/2010\/04\/VBK-K%C3%BCnstlerhaus-ARTomitsch15.jpg?fit=1549%2C1037&amp;ssl=1\" data-orig-size=\"1549,1037\" data-comments-opened=\"0\" data-image-meta=\"{&quot;aperture&quot;:&quot;4.5&quot;,&quot;credit&quot;:&quot;&quot;,&quot;camera&quot;:&quot;NIKON D80&quot;,&quot;caption&quot;:&quot;&quot;,&quot;created_timestamp&quot;:&quot;1272801566&quot;,&quot;copyright&quot;:&quot;&quot;,&quot;focal_length&quot;:&quot;40&quot;,&quot;iso&quot;:&quot;100&quot;,&quot;shutter_speed&quot;:&quot;0.016666666666667&quot;,&quot;title&quot;:&quot;&quot;,&quot;orientation&quot;:&quot;1&quot;}\" data-image-title=\"&amp;#8220;ZEIT-und WERKZEUGEN&amp;#8221; K\u00fcnstlerhaus Graz\" data-image-description=\"&lt;p&gt; &amp;#8220;1Bild&amp;#8221; von ARTomitsch&lt;\/p&gt;\n\" data-image-caption=\"&lt;p&gt;Finissage&lt;\/p&gt;\n\" data-large-file=\"https:\/\/i0.wp.com\/andrea.tomitsch.net\/wp-content\/uploads\/2010\/04\/VBK-K%C3%BCnstlerhaus-ARTomitsch15.jpg?fit=1024%2C686&amp;ssl=1\" src=\"https:\/\/i0.wp.com\/andrea.tomitsch.net\/wp-content\/uploads\/2010\/04\/VBK-K%C3%BCnstlerhaus-ARTomitsch15.jpg?resize=1140%2C763&#038;ssl=1\" alt=\"\" data-id=\"1460\" class=\"wp-image-1460\" srcset=\"https:\/\/i0.wp.com\/andrea.tomitsch.net\/wp-content\/uploads\/2010\/04\/VBK-K%C3%BCnstlerhaus-ARTomitsch15.jpg?w=1549&amp;ssl=1 1549w, https:\/\/i0.wp.com\/andrea.tomitsch.net\/wp-content\/uploads\/2010\/04\/VBK-K%C3%BCnstlerhaus-ARTomitsch15.jpg?resize=300%2C201&amp;ssl=1 300w, https:\/\/i0.wp.com\/andrea.tomitsch.net\/wp-content\/uploads\/2010\/04\/VBK-K%C3%BCnstlerhaus-ARTomitsch15.jpg?resize=768%2C514&amp;ssl=1 768w, https:\/\/i0.wp.com\/andrea.tomitsch.net\/wp-content\/uploads\/2010\/04\/VBK-K%C3%BCnstlerhaus-ARTomitsch15.jpg?resize=1024%2C686&amp;ssl=1 1024w\" sizes=\"auto, (max-width: 1140px) 100vw, 1140px\" \/><\/figure><\/li><li class=\"blocks-gallery-item\"><figure><img data-recalc-dims=\"1\" loading=\"lazy\" decoding=\"async\" width=\"1140\" height=\"763\" data-attachment-id=\"1445\" data-permalink=\"https:\/\/andrea.tomitsch.net\/en\/2010\/04\/zeit-und-werkzeugen\/vbk-kuenstlerhaus-artomitsch\/\" data-orig-file=\"https:\/\/i0.wp.com\/andrea.tomitsch.net\/wp-content\/uploads\/2010\/04\/VBK-K%C3%BCnstlerhaus-ARTomitsch.jpg?fit=1549%2C1037&amp;ssl=1\" data-orig-size=\"1549,1037\" data-comments-opened=\"0\" data-image-meta=\"{&quot;aperture&quot;:&quot;3.5&quot;,&quot;credit&quot;:&quot;&quot;,&quot;camera&quot;:&quot;NIKON D80&quot;,&quot;caption&quot;:&quot;&quot;,&quot;created_timestamp&quot;:&quot;1272800098&quot;,&quot;copyright&quot;:&quot;&quot;,&quot;focal_length&quot;:&quot;18&quot;,&quot;iso&quot;:&quot;100&quot;,&quot;shutter_speed&quot;:&quot;0.033333333333333&quot;,&quot;title&quot;:&quot;&quot;,&quot;orientation&quot;:&quot;1&quot;}\" data-image-title=\"&amp;#8220;ZEIT-und WERKZEUGEN&amp;#8221; K\u00fcnstlerhaus Graz\" data-image-description=\"\" data-image-caption=\"&lt;p&gt;Finissage&lt;\/p&gt;\n\" data-large-file=\"https:\/\/i0.wp.com\/andrea.tomitsch.net\/wp-content\/uploads\/2010\/04\/VBK-K%C3%BCnstlerhaus-ARTomitsch.jpg?fit=1024%2C686&amp;ssl=1\" src=\"https:\/\/i0.wp.com\/andrea.tomitsch.net\/wp-content\/uploads\/2010\/04\/VBK-K%C3%BCnstlerhaus-ARTomitsch.jpg?resize=1140%2C763&#038;ssl=1\" alt=\"\" data-id=\"1445\" class=\"wp-image-1445\" srcset=\"https:\/\/i0.wp.com\/andrea.tomitsch.net\/wp-content\/uploads\/2010\/04\/VBK-K%C3%BCnstlerhaus-ARTomitsch.jpg?w=1549&amp;ssl=1 1549w, https:\/\/i0.wp.com\/andrea.tomitsch.net\/wp-content\/uploads\/2010\/04\/VBK-K%C3%BCnstlerhaus-ARTomitsch.jpg?resize=300%2C201&amp;ssl=1 300w, https:\/\/i0.wp.com\/andrea.tomitsch.net\/wp-content\/uploads\/2010\/04\/VBK-K%C3%BCnstlerhaus-ARTomitsch.jpg?resize=768%2C514&amp;ssl=1 768w, https:\/\/i0.wp.com\/andrea.tomitsch.net\/wp-content\/uploads\/2010\/04\/VBK-K%C3%BCnstlerhaus-ARTomitsch.jpg?resize=1024%2C686&amp;ssl=1 1024w\" sizes=\"auto, (max-width: 1140px) 100vw, 1140px\" \/><\/figure><\/li><li class=\"blocks-gallery-item\"><figure><img data-recalc-dims=\"1\" loading=\"lazy\" decoding=\"async\" width=\"1140\" height=\"763\" data-attachment-id=\"1461\" data-permalink=\"https:\/\/andrea.tomitsch.net\/en\/2010\/04\/zeit-und-werkzeugen\/vbk-kuenstlerhaus-artomitsch16\/\" data-orig-file=\"https:\/\/i0.wp.com\/andrea.tomitsch.net\/wp-content\/uploads\/2010\/04\/VBK-K%C3%BCnstlerhaus-ARTomitsch16.jpg?fit=1549%2C1037&amp;ssl=1\" data-orig-size=\"1549,1037\" data-comments-opened=\"0\" data-image-meta=\"{&quot;aperture&quot;:&quot;4.5&quot;,&quot;credit&quot;:&quot;&quot;,&quot;camera&quot;:&quot;NIKON D80&quot;,&quot;caption&quot;:&quot;&quot;,&quot;created_timestamp&quot;:&quot;1272801624&quot;,&quot;copyright&quot;:&quot;&quot;,&quot;focal_length&quot;:&quot;70&quot;,&quot;iso&quot;:&quot;100&quot;,&quot;shutter_speed&quot;:&quot;0.016666666666667&quot;,&quot;title&quot;:&quot;&quot;,&quot;orientation&quot;:&quot;1&quot;}\" data-image-title=\"&amp;#8220;ZEIT-und WERKZEUGEN&amp;#8221; K\u00fcnstlerhaus Graz\" data-image-description=\"&lt;p&gt; &amp;#8220;Blues&amp;#8221; von ARTomitsch&lt;\/p&gt;\n\" data-image-caption=\"&lt;p&gt;Finissage&lt;\/p&gt;\n\" data-large-file=\"https:\/\/i0.wp.com\/andrea.tomitsch.net\/wp-content\/uploads\/2010\/04\/VBK-K%C3%BCnstlerhaus-ARTomitsch16.jpg?fit=1024%2C686&amp;ssl=1\" src=\"https:\/\/i0.wp.com\/andrea.tomitsch.net\/wp-content\/uploads\/2010\/04\/VBK-K%C3%BCnstlerhaus-ARTomitsch16.jpg?resize=1140%2C763&#038;ssl=1\" alt=\"\" data-id=\"1461\" class=\"wp-image-1461\" srcset=\"https:\/\/i0.wp.com\/andrea.tomitsch.net\/wp-content\/uploads\/2010\/04\/VBK-K%C3%BCnstlerhaus-ARTomitsch16.jpg?w=1549&amp;ssl=1 1549w, https:\/\/i0.wp.com\/andrea.tomitsch.net\/wp-content\/uploads\/2010\/04\/VBK-K%C3%BCnstlerhaus-ARTomitsch16.jpg?resize=300%2C201&amp;ssl=1 300w, https:\/\/i0.wp.com\/andrea.tomitsch.net\/wp-content\/uploads\/2010\/04\/VBK-K%C3%BCnstlerhaus-ARTomitsch16.jpg?resize=768%2C514&amp;ssl=1 768w, https:\/\/i0.wp.com\/andrea.tomitsch.net\/wp-content\/uploads\/2010\/04\/VBK-K%C3%BCnstlerhaus-ARTomitsch16.jpg?resize=1024%2C686&amp;ssl=1 1024w\" sizes=\"auto, (max-width: 1140px) 100vw, 1140px\" \/><\/figure><\/li><li class=\"blocks-gallery-item\"><figure><img data-recalc-dims=\"1\" loading=\"lazy\" decoding=\"async\" width=\"1140\" height=\"763\" data-attachment-id=\"1462\" data-permalink=\"https:\/\/andrea.tomitsch.net\/en\/2010\/04\/zeit-und-werkzeugen\/vbk-kuenstlerhaus-artomitsch17\/\" data-orig-file=\"https:\/\/i0.wp.com\/andrea.tomitsch.net\/wp-content\/uploads\/2010\/04\/VBK-K%C3%BCnstlerhaus-ARTomitsch17.jpg?fit=1549%2C1037&amp;ssl=1\" data-orig-size=\"1549,1037\" data-comments-opened=\"0\" data-image-meta=\"{&quot;aperture&quot;:&quot;3.5&quot;,&quot;credit&quot;:&quot;&quot;,&quot;camera&quot;:&quot;NIKON D80&quot;,&quot;caption&quot;:&quot;&quot;,&quot;created_timestamp&quot;:&quot;1272800794&quot;,&quot;copyright&quot;:&quot;&quot;,&quot;focal_length&quot;:&quot;18&quot;,&quot;iso&quot;:&quot;100&quot;,&quot;shutter_speed&quot;:&quot;0.02&quot;,&quot;title&quot;:&quot;&quot;,&quot;orientation&quot;:&quot;1&quot;}\" data-image-title=\"&amp;#8220;ZEIT-und WERKZEUGEN&amp;#8221; K\u00fcnstlerhaus Graz\" data-image-description=\"\" data-image-caption=\"&lt;p&gt;Finissage&lt;\/p&gt;\n\" data-large-file=\"https:\/\/i0.wp.com\/andrea.tomitsch.net\/wp-content\/uploads\/2010\/04\/VBK-K%C3%BCnstlerhaus-ARTomitsch17.jpg?fit=1024%2C686&amp;ssl=1\" src=\"https:\/\/i0.wp.com\/andrea.tomitsch.net\/wp-content\/uploads\/2010\/04\/VBK-K%C3%BCnstlerhaus-ARTomitsch17.jpg?resize=1140%2C763&#038;ssl=1\" alt=\"\" data-id=\"1462\" class=\"wp-image-1462\" srcset=\"https:\/\/i0.wp.com\/andrea.tomitsch.net\/wp-content\/uploads\/2010\/04\/VBK-K%C3%BCnstlerhaus-ARTomitsch17.jpg?w=1549&amp;ssl=1 1549w, https:\/\/i0.wp.com\/andrea.tomitsch.net\/wp-content\/uploads\/2010\/04\/VBK-K%C3%BCnstlerhaus-ARTomitsch17.jpg?resize=300%2C201&amp;ssl=1 300w, https:\/\/i0.wp.com\/andrea.tomitsch.net\/wp-content\/uploads\/2010\/04\/VBK-K%C3%BCnstlerhaus-ARTomitsch17.jpg?resize=768%2C514&amp;ssl=1 768w, https:\/\/i0.wp.com\/andrea.tomitsch.net\/wp-content\/uploads\/2010\/04\/VBK-K%C3%BCnstlerhaus-ARTomitsch17.jpg?resize=1024%2C686&amp;ssl=1 1024w\" sizes=\"auto, (max-width: 1140px) 100vw, 1140px\" \/><\/figure><\/li><li class=\"blocks-gallery-item\"><figure><img data-recalc-dims=\"1\" loading=\"lazy\" decoding=\"async\" width=\"1140\" height=\"763\" data-attachment-id=\"1463\" data-permalink=\"https:\/\/andrea.tomitsch.net\/en\/2010\/04\/zeit-und-werkzeugen\/vbk-kuenstlerhaus-artomitsch18\/\" data-orig-file=\"https:\/\/i0.wp.com\/andrea.tomitsch.net\/wp-content\/uploads\/2010\/04\/VBK-K%C3%BCnstlerhaus-ARTomitsch18.jpg?fit=1549%2C1037&amp;ssl=1\" data-orig-size=\"1549,1037\" data-comments-opened=\"0\" data-image-meta=\"{&quot;aperture&quot;:&quot;4.5&quot;,&quot;credit&quot;:&quot;&quot;,&quot;camera&quot;:&quot;NIKON D80&quot;,&quot;caption&quot;:&quot;&quot;,&quot;created_timestamp&quot;:&quot;1272801517&quot;,&quot;copyright&quot;:&quot;&quot;,&quot;focal_length&quot;:&quot;70&quot;,&quot;iso&quot;:&quot;100&quot;,&quot;shutter_speed&quot;:&quot;0.016666666666667&quot;,&quot;title&quot;:&quot;&quot;,&quot;orientation&quot;:&quot;1&quot;}\" data-image-title=\"&amp;#8220;ZEIT-und WERKZEUGEN&amp;#8221; K\u00fcnstlerhaus Graz\" data-image-description=\"\" data-image-caption=\"&lt;p&gt;Finissage&lt;\/p&gt;\n\" data-large-file=\"https:\/\/i0.wp.com\/andrea.tomitsch.net\/wp-content\/uploads\/2010\/04\/VBK-K%C3%BCnstlerhaus-ARTomitsch18.jpg?fit=1024%2C686&amp;ssl=1\" src=\"https:\/\/i0.wp.com\/andrea.tomitsch.net\/wp-content\/uploads\/2010\/04\/VBK-K%C3%BCnstlerhaus-ARTomitsch18.jpg?resize=1140%2C763&#038;ssl=1\" alt=\"\" data-id=\"1463\" class=\"wp-image-1463\" srcset=\"https:\/\/i0.wp.com\/andrea.tomitsch.net\/wp-content\/uploads\/2010\/04\/VBK-K%C3%BCnstlerhaus-ARTomitsch18.jpg?w=1549&amp;ssl=1 1549w, https:\/\/i0.wp.com\/andrea.tomitsch.net\/wp-content\/uploads\/2010\/04\/VBK-K%C3%BCnstlerhaus-ARTomitsch18.jpg?resize=300%2C201&amp;ssl=1 300w, https:\/\/i0.wp.com\/andrea.tomitsch.net\/wp-content\/uploads\/2010\/04\/VBK-K%C3%BCnstlerhaus-ARTomitsch18.jpg?resize=768%2C514&amp;ssl=1 768w, https:\/\/i0.wp.com\/andrea.tomitsch.net\/wp-content\/uploads\/2010\/04\/VBK-K%C3%BCnstlerhaus-ARTomitsch18.jpg?resize=1024%2C686&amp;ssl=1 1024w\" sizes=\"auto, (max-width: 1140px) 100vw, 1140px\" \/><\/figure><\/li><li class=\"blocks-gallery-item\"><figure><img data-recalc-dims=\"1\" loading=\"lazy\" decoding=\"async\" width=\"1140\" height=\"763\" data-attachment-id=\"1303\" data-permalink=\"https:\/\/andrea.tomitsch.net\/en\/2010\/04\/zeit-und-werkzeugen\/andrea-r-tomitsch-im-kuenstlerhaus-graz-mit-jojo\/\" data-orig-file=\"https:\/\/i0.wp.com\/andrea.tomitsch.net\/wp-content\/uploads\/2018\/05\/Andrea-R-Tomitsch-im-K%C3%BCnstlerhaus-Graz-mit-JOJO.jpg?fit=2420%2C1620&amp;ssl=1\" data-orig-size=\"2420,1620\" data-comments-opened=\"0\" data-image-meta=\"{&quot;aperture&quot;:&quot;4.5&quot;,&quot;credit&quot;:&quot;&quot;,&quot;camera&quot;:&quot;NIKON D80&quot;,&quot;caption&quot;:&quot;&quot;,&quot;created_timestamp&quot;:&quot;1272803720&quot;,&quot;copyright&quot;:&quot;&quot;,&quot;focal_length&quot;:&quot;70&quot;,&quot;iso&quot;:&quot;100&quot;,&quot;shutter_speed&quot;:&quot;0.016666666666667&quot;,&quot;title&quot;:&quot;&quot;,&quot;orientation&quot;:&quot;1&quot;}\" data-image-title=\"&amp;#8220;ZEIT-und WERKZEUGEN&amp;#8221; K\u00fcnstlerhaus Graz\" data-image-description=\"&lt;p&gt; Jojo mit Artomitsch&amp;#8217;s Bildern&lt;\/p&gt;\n\" data-image-caption=\"&lt;p&gt;Finissage&lt;\/p&gt;\n\" data-large-file=\"https:\/\/i0.wp.com\/andrea.tomitsch.net\/wp-content\/uploads\/2018\/05\/Andrea-R-Tomitsch-im-K%C3%BCnstlerhaus-Graz-mit-JOJO.jpg?fit=1024%2C685&amp;ssl=1\" src=\"https:\/\/i0.wp.com\/andrea.tomitsch.net\/wp-content\/uploads\/2018\/05\/Andrea-R-Tomitsch-im-K%C3%BCnstlerhaus-Graz-mit-JOJO.jpg?resize=1140%2C763&#038;ssl=1\" alt=\"\" data-id=\"1303\" class=\"wp-image-1303\" srcset=\"https:\/\/i0.wp.com\/andrea.tomitsch.net\/wp-content\/uploads\/2018\/05\/Andrea-R-Tomitsch-im-K%C3%BCnstlerhaus-Graz-mit-JOJO.jpg?w=2420&amp;ssl=1 2420w, https:\/\/i0.wp.com\/andrea.tomitsch.net\/wp-content\/uploads\/2018\/05\/Andrea-R-Tomitsch-im-K%C3%BCnstlerhaus-Graz-mit-JOJO.jpg?resize=300%2C201&amp;ssl=1 300w, https:\/\/i0.wp.com\/andrea.tomitsch.net\/wp-content\/uploads\/2018\/05\/Andrea-R-Tomitsch-im-K%C3%BCnstlerhaus-Graz-mit-JOJO.jpg?resize=768%2C514&amp;ssl=1 768w, https:\/\/i0.wp.com\/andrea.tomitsch.net\/wp-content\/uploads\/2018\/05\/Andrea-R-Tomitsch-im-K%C3%BCnstlerhaus-Graz-mit-JOJO.jpg?resize=1024%2C685&amp;ssl=1 1024w, https:\/\/i0.wp.com\/andrea.tomitsch.net\/wp-content\/uploads\/2018\/05\/Andrea-R-Tomitsch-im-K%C3%BCnstlerhaus-Graz-mit-JOJO.jpg?w=2280&amp;ssl=1 2280w\" sizes=\"auto, (max-width: 1140px) 100vw, 1140px\" \/><\/figure><\/li><li class=\"blocks-gallery-item\"><figure><img data-recalc-dims=\"1\" loading=\"lazy\" decoding=\"async\" width=\"1140\" height=\"763\" data-attachment-id=\"1465\" data-permalink=\"https:\/\/andrea.tomitsch.net\/en\/2010\/04\/zeit-und-werkzeugen\/vbk-kuenstlerhaus-artomitsch20\/\" data-orig-file=\"https:\/\/i0.wp.com\/andrea.tomitsch.net\/wp-content\/uploads\/2010\/04\/VBK-K%C3%BCnstlerhaus-ARTomitsch20.jpg?fit=1613%2C1080&amp;ssl=1\" data-orig-size=\"1613,1080\" data-comments-opened=\"0\" data-image-meta=\"{&quot;aperture&quot;:&quot;4.5&quot;,&quot;credit&quot;:&quot;&quot;,&quot;camera&quot;:&quot;NIKON D80&quot;,&quot;caption&quot;:&quot;&quot;,&quot;created_timestamp&quot;:&quot;1272803713&quot;,&quot;copyright&quot;:&quot;&quot;,&quot;focal_length&quot;:&quot;29&quot;,&quot;iso&quot;:&quot;100&quot;,&quot;shutter_speed&quot;:&quot;0.0125&quot;,&quot;title&quot;:&quot;&quot;,&quot;orientation&quot;:&quot;1&quot;}\" data-image-title=\"&amp;#8220;ZEIT-und WERKZEUGEN&amp;#8221; K\u00fcnstlerhaus Graz\" data-image-description=\"&lt;p&gt; Jojo mit Artomitsch&amp;#8217;s Bildern&lt;\/p&gt;\n\" data-image-caption=\"&lt;p&gt;Finissage&lt;\/p&gt;\n\" data-large-file=\"https:\/\/i0.wp.com\/andrea.tomitsch.net\/wp-content\/uploads\/2010\/04\/VBK-K%C3%BCnstlerhaus-ARTomitsch20.jpg?fit=1024%2C686&amp;ssl=1\" src=\"https:\/\/i0.wp.com\/andrea.tomitsch.net\/wp-content\/uploads\/2010\/04\/VBK-K%C3%BCnstlerhaus-ARTomitsch20.jpg?resize=1140%2C763&#038;ssl=1\" alt=\"\" data-id=\"1465\" class=\"wp-image-1465\" srcset=\"https:\/\/i0.wp.com\/andrea.tomitsch.net\/wp-content\/uploads\/2010\/04\/VBK-K%C3%BCnstlerhaus-ARTomitsch20.jpg?w=1613&amp;ssl=1 1613w, https:\/\/i0.wp.com\/andrea.tomitsch.net\/wp-content\/uploads\/2010\/04\/VBK-K%C3%BCnstlerhaus-ARTomitsch20.jpg?resize=300%2C201&amp;ssl=1 300w, https:\/\/i0.wp.com\/andrea.tomitsch.net\/wp-content\/uploads\/2010\/04\/VBK-K%C3%BCnstlerhaus-ARTomitsch20.jpg?resize=768%2C514&amp;ssl=1 768w, https:\/\/i0.wp.com\/andrea.tomitsch.net\/wp-content\/uploads\/2010\/04\/VBK-K%C3%BCnstlerhaus-ARTomitsch20.jpg?resize=1024%2C686&amp;ssl=1 1024w\" sizes=\"auto, (max-width: 1140px) 100vw, 1140px\" \/><\/figure><\/li><\/ul><\/figure>\n","protected":false},"excerpt":{"rendered":"<p>110 Jahre Vereinigung Bildender K\u00fcnstler Steiermarks. Andrea Renate Tomitsch stellte Werke, aus verschiedenen Schaffensperioden, f\u00fcr diese Schau, zur Verf\u00fcgung.<\/p>\n","protected":false},"author":1,"featured_media":1299,"comment_status":"closed","ping_status":"open","sticky":false,"template":"page-templates\/no-sidebar.php","format":"standard","meta":{"jetpack_post_was_ever_published":false,"_jetpack_newsletter_access":"","_jetpack_dont_email_post_to_subs":true,"_jetpack_newsletter_tier_id":0,"_jetpack_memberships_contains_paywalled_content":false,"_jetpack_memberships_contains_paid_content":false,"footnotes":""},"categories":[16,18],"tags":[],"class_list":["post-1300","post","type-post","status-publish","format-standard","has-post-thumbnail","hentry","category-archiv","category-vergangene-veranstaltungen"],"translation":{"provider":"WPGlobus","version":"3.0.2","language":"en","enabled_languages":["de","en"],"languages":{"de":{"title":true,"content":true,"excerpt":true},"en":{"title":false,"content":false,"excerpt":false}}},"yoast_head":"<!-- This site is optimized with the Yoast SEO plugin v27.5 - https:\/\/yoast.com\/product\/yoast-seo-wordpress\/ -->\n<title>&quot;ZEIT-und WERKZEUGEN&quot; K\u00fcnstlerhaus Graz &#8211; Andrea R Tomitsch<\/title>\n<meta name=\"robots\" content=\"index, follow, max-snippet:-1, max-image-preview:large, max-video-preview:-1\" \/>\n<link rel=\"canonical\" href=\"https:\/\/andrea.tomitsch.net\/en\/2010\/04\/zeit-und-werkzeugen\/\" \/>\n<meta property=\"og:locale\" content=\"en_US\" \/>\n<meta property=\"og:type\" content=\"article\" \/>\n<meta property=\"og:title\" content=\"&quot;ZEIT-und WERKZEUGEN&quot; K\u00fcnstlerhaus Graz &#8211; Andrea R Tomitsch\" \/>\n<meta property=\"og:url\" content=\"https:\/\/andrea.tomitsch.net\/en\/2010\/04\/zeit-und-werkzeugen\/\" \/>\n<meta property=\"og:site_name\" content=\"Andrea R Tomitsch\" \/>\n<meta property=\"article:published_time\" content=\"2010-04-08T17:00:55+00:00\" \/>\n<meta property=\"article:modified_time\" content=\"2020-12-28T07:49:50+00:00\" \/>\n<meta property=\"og:image\" content=\"https:\/\/i0.wp.com\/andrea.tomitsch.net\/wp-content\/uploads\/2018\/05\/Werkzeugen.jpg?fit=2000%2C1125&ssl=1\" \/>\n\t<meta property=\"og:image:width\" content=\"2000\" \/>\n\t<meta property=\"og:image:height\" content=\"1125\" \/>\n\t<meta property=\"og:image:type\" content=\"image\/jpeg\" \/>\n<meta name=\"author\" content=\"Andrea R Tomitsch\" \/>\n<meta name=\"twitter:card\" content=\"summary_large_image\" \/>\n<meta name=\"twitter:label1\" content=\"Written by\" \/>\n\t<meta name=\"twitter:data1\" content=\"Andrea R Tomitsch\" \/>\n<script type=\"application\/ld+json\" class=\"yoast-schema-graph\">{\"@context\":\"https:\\\/\\\/schema.org\",\"@graph\":[{\"@type\":\"Article\",\"@id\":\"https:\\\/\\\/andrea.tomitsch.net\\\/en\\\/2010\\\/04\\\/zeit-und-werkzeugen\\\/#article\",\"isPartOf\":{\"@id\":\"https:\\\/\\\/andrea.tomitsch.net\\\/en\\\/2010\\\/04\\\/zeit-und-werkzeugen\\\/\"},\"author\":{\"name\":\"Andrea R Tomitsch\",\"@id\":\"https:\\\/\\\/andrea.tomitsch.net\\\/#\\\/schema\\\/person\\\/b9c1de17bd1ee0c8845978dc09118d0a\"},\"headline\":\"&#8220;ZEIT-und WERKZEUGEN&#8221; K\u00fcnstlerhaus Graz\",\"datePublished\":\"2010-04-08T17:00:55+00:00\",\"dateModified\":\"2020-12-28T07:49:50+00:00\",\"mainEntityOfPage\":{\"@id\":\"https:\\\/\\\/andrea.tomitsch.net\\\/en\\\/2010\\\/04\\\/zeit-und-werkzeugen\\\/\"},\"wordCount\":81,\"publisher\":{\"@id\":\"https:\\\/\\\/andrea.tomitsch.net\\\/#\\\/schema\\\/person\\\/b9c1de17bd1ee0c8845978dc09118d0a\"},\"image\":{\"@id\":\"https:\\\/\\\/andrea.tomitsch.net\\\/en\\\/2010\\\/04\\\/zeit-und-werkzeugen\\\/#primaryimage\"},\"thumbnailUrl\":\"https:\\\/\\\/i0.wp.com\\\/andrea.tomitsch.net\\\/wp-content\\\/uploads\\\/2018\\\/05\\\/Werkzeugen.jpg?fit=2000%2C1125&ssl=1\",\"articleSection\":[\"Archive\",\"Past events\"],\"inLanguage\":\"en-US\"},{\"@type\":\"WebPage\",\"@id\":\"https:\\\/\\\/andrea.tomitsch.net\\\/en\\\/2010\\\/04\\\/zeit-und-werkzeugen\\\/\",\"url\":\"https:\\\/\\\/andrea.tomitsch.net\\\/en\\\/2010\\\/04\\\/zeit-und-werkzeugen\\\/\",\"name\":\"\\\"ZEIT-und WERKZEUGEN\\\" K\u00fcnstlerhaus Graz &#8211; Andrea R Tomitsch\",\"isPartOf\":{\"@id\":\"https:\\\/\\\/andrea.tomitsch.net\\\/#website\"},\"primaryImageOfPage\":{\"@id\":\"https:\\\/\\\/andrea.tomitsch.net\\\/en\\\/2010\\\/04\\\/zeit-und-werkzeugen\\\/#primaryimage\"},\"image\":{\"@id\":\"https:\\\/\\\/andrea.tomitsch.net\\\/en\\\/2010\\\/04\\\/zeit-und-werkzeugen\\\/#primaryimage\"},\"thumbnailUrl\":\"https:\\\/\\\/i0.wp.com\\\/andrea.tomitsch.net\\\/wp-content\\\/uploads\\\/2018\\\/05\\\/Werkzeugen.jpg?fit=2000%2C1125&ssl=1\",\"datePublished\":\"2010-04-08T17:00:55+00:00\",\"dateModified\":\"2020-12-28T07:49:50+00:00\",\"breadcrumb\":{\"@id\":\"https:\\\/\\\/andrea.tomitsch.net\\\/en\\\/2010\\\/04\\\/zeit-und-werkzeugen\\\/#breadcrumb\"},\"inLanguage\":\"en-US\",\"potentialAction\":[{\"@type\":\"ReadAction\",\"target\":[\"https:\\\/\\\/andrea.tomitsch.net\\\/en\\\/2010\\\/04\\\/zeit-und-werkzeugen\\\/\"]}]},{\"@type\":\"ImageObject\",\"inLanguage\":\"en-US\",\"@id\":\"https:\\\/\\\/andrea.tomitsch.net\\\/en\\\/2010\\\/04\\\/zeit-und-werkzeugen\\\/#primaryimage\",\"url\":\"https:\\\/\\\/i0.wp.com\\\/andrea.tomitsch.net\\\/wp-content\\\/uploads\\\/2018\\\/05\\\/Werkzeugen.jpg?fit=2000%2C1125&ssl=1\",\"contentUrl\":\"https:\\\/\\\/i0.wp.com\\\/andrea.tomitsch.net\\\/wp-content\\\/uploads\\\/2018\\\/05\\\/Werkzeugen.jpg?fit=2000%2C1125&ssl=1\",\"width\":2000,\"height\":1125},{\"@type\":\"BreadcrumbList\",\"@id\":\"https:\\\/\\\/andrea.tomitsch.net\\\/en\\\/2010\\\/04\\\/zeit-und-werkzeugen\\\/#breadcrumb\",\"itemListElement\":[{\"@type\":\"ListItem\",\"position\":1,\"name\":\"Startseite\",\"item\":\"https:\\\/\\\/andrea.tomitsch.net\\\/en\\\/\"},{\"@type\":\"ListItem\",\"position\":2,\"name\":\"&#8220;ZEIT-und WERKZEUGEN&#8221; K\u00fcnstlerhaus Graz\"}]},{\"@type\":\"WebSite\",\"@id\":\"https:\\\/\\\/andrea.tomitsch.net\\\/#website\",\"url\":\"https:\\\/\\\/andrea.tomitsch.net\\\/\",\"name\":\"Andrea R Tomitsch\",\"description\":\"Painter and New media artist\",\"publisher\":{\"@id\":\"https:\\\/\\\/andrea.tomitsch.net\\\/#\\\/schema\\\/person\\\/b9c1de17bd1ee0c8845978dc09118d0a\"},\"potentialAction\":[{\"@type\":\"SearchAction\",\"target\":{\"@type\":\"EntryPoint\",\"urlTemplate\":\"https:\\\/\\\/andrea.tomitsch.net\\\/?s={search_term_string}\"},\"query-input\":{\"@type\":\"PropertyValueSpecification\",\"valueRequired\":true,\"valueName\":\"search_term_string\"}}],\"inLanguage\":\"en-US\"},{\"@type\":[\"Person\",\"Organization\"],\"@id\":\"https:\\\/\\\/andrea.tomitsch.net\\\/#\\\/schema\\\/person\\\/b9c1de17bd1ee0c8845978dc09118d0a\",\"name\":\"Andrea R Tomitsch\",\"image\":{\"@type\":\"ImageObject\",\"inLanguage\":\"en-US\",\"@id\":\"https:\\\/\\\/i0.wp.com\\\/andrea.tomitsch.net\\\/wp-content\\\/uploads\\\/2017\\\/02\\\/cropped-logo.png?fit=131%2C55&ssl=1\",\"url\":\"https:\\\/\\\/i0.wp.com\\\/andrea.tomitsch.net\\\/wp-content\\\/uploads\\\/2017\\\/02\\\/cropped-logo.png?fit=131%2C55&ssl=1\",\"contentUrl\":\"https:\\\/\\\/i0.wp.com\\\/andrea.tomitsch.net\\\/wp-content\\\/uploads\\\/2017\\\/02\\\/cropped-logo.png?fit=131%2C55&ssl=1\",\"width\":131,\"height\":55,\"caption\":\"Andrea R Tomitsch\"},\"logo\":{\"@id\":\"https:\\\/\\\/i0.wp.com\\\/andrea.tomitsch.net\\\/wp-content\\\/uploads\\\/2017\\\/02\\\/cropped-logo.png?fit=131%2C55&ssl=1\"},\"sameAs\":[\"https:\\\/\\\/andrea.tomitsch.net\"]}]}<\/script>\n<!-- \/ Yoast SEO plugin. -->","yoast_head_json":{"title":"\"ZEIT-und WERKZEUGEN\" K\u00fcnstlerhaus Graz &#8211; Andrea R Tomitsch","robots":{"index":"index","follow":"follow","max-snippet":"max-snippet:-1","max-image-preview":"max-image-preview:large","max-video-preview":"max-video-preview:-1"},"canonical":"https:\/\/andrea.tomitsch.net\/en\/2010\/04\/zeit-und-werkzeugen\/","og_locale":"en_US","og_type":"article","og_title":"\"ZEIT-und WERKZEUGEN\" K\u00fcnstlerhaus Graz &#8211; Andrea R Tomitsch","og_url":"https:\/\/andrea.tomitsch.net\/en\/2010\/04\/zeit-und-werkzeugen\/","og_site_name":"Andrea R Tomitsch","article_published_time":"2010-04-08T17:00:55+00:00","article_modified_time":"2020-12-28T07:49:50+00:00","og_image":[{"width":2000,"height":1125,"url":"https:\/\/i0.wp.com\/andrea.tomitsch.net\/wp-content\/uploads\/2018\/05\/Werkzeugen.jpg?fit=2000%2C1125&ssl=1","type":"image\/jpeg"}],"author":"Andrea R Tomitsch","twitter_card":"summary_large_image","twitter_misc":{"Written by":"Andrea R Tomitsch"},"schema":{"@context":"https:\/\/schema.org","@graph":[{"@type":"Article","@id":"https:\/\/andrea.tomitsch.net\/en\/2010\/04\/zeit-und-werkzeugen\/#article","isPartOf":{"@id":"https:\/\/andrea.tomitsch.net\/en\/2010\/04\/zeit-und-werkzeugen\/"},"author":{"name":"Andrea R Tomitsch","@id":"https:\/\/andrea.tomitsch.net\/#\/schema\/person\/b9c1de17bd1ee0c8845978dc09118d0a"},"headline":"&#8220;ZEIT-und WERKZEUGEN&#8221; K\u00fcnstlerhaus Graz","datePublished":"2010-04-08T17:00:55+00:00","dateModified":"2020-12-28T07:49:50+00:00","mainEntityOfPage":{"@id":"https:\/\/andrea.tomitsch.net\/en\/2010\/04\/zeit-und-werkzeugen\/"},"wordCount":81,"publisher":{"@id":"https:\/\/andrea.tomitsch.net\/#\/schema\/person\/b9c1de17bd1ee0c8845978dc09118d0a"},"image":{"@id":"https:\/\/andrea.tomitsch.net\/en\/2010\/04\/zeit-und-werkzeugen\/#primaryimage"},"thumbnailUrl":"https:\/\/i0.wp.com\/andrea.tomitsch.net\/wp-content\/uploads\/2018\/05\/Werkzeugen.jpg?fit=2000%2C1125&ssl=1","articleSection":["Archive","Past events"],"inLanguage":"en-US"},{"@type":"WebPage","@id":"https:\/\/andrea.tomitsch.net\/en\/2010\/04\/zeit-und-werkzeugen\/","url":"https:\/\/andrea.tomitsch.net\/en\/2010\/04\/zeit-und-werkzeugen\/","name":"\"ZEIT-und WERKZEUGEN\" K\u00fcnstlerhaus Graz &#8211; Andrea R Tomitsch","isPartOf":{"@id":"https:\/\/andrea.tomitsch.net\/#website"},"primaryImageOfPage":{"@id":"https:\/\/andrea.tomitsch.net\/en\/2010\/04\/zeit-und-werkzeugen\/#primaryimage"},"image":{"@id":"https:\/\/andrea.tomitsch.net\/en\/2010\/04\/zeit-und-werkzeugen\/#primaryimage"},"thumbnailUrl":"https:\/\/i0.wp.com\/andrea.tomitsch.net\/wp-content\/uploads\/2018\/05\/Werkzeugen.jpg?fit=2000%2C1125&ssl=1","datePublished":"2010-04-08T17:00:55+00:00","dateModified":"2020-12-28T07:49:50+00:00","breadcrumb":{"@id":"https:\/\/andrea.tomitsch.net\/en\/2010\/04\/zeit-und-werkzeugen\/#breadcrumb"},"inLanguage":"en-US","potentialAction":[{"@type":"ReadAction","target":["https:\/\/andrea.tomitsch.net\/en\/2010\/04\/zeit-und-werkzeugen\/"]}]},{"@type":"ImageObject","inLanguage":"en-US","@id":"https:\/\/andrea.tomitsch.net\/en\/2010\/04\/zeit-und-werkzeugen\/#primaryimage","url":"https:\/\/i0.wp.com\/andrea.tomitsch.net\/wp-content\/uploads\/2018\/05\/Werkzeugen.jpg?fit=2000%2C1125&ssl=1","contentUrl":"https:\/\/i0.wp.com\/andrea.tomitsch.net\/wp-content\/uploads\/2018\/05\/Werkzeugen.jpg?fit=2000%2C1125&ssl=1","width":2000,"height":1125},{"@type":"BreadcrumbList","@id":"https:\/\/andrea.tomitsch.net\/en\/2010\/04\/zeit-und-werkzeugen\/#breadcrumb","itemListElement":[{"@type":"ListItem","position":1,"name":"Startseite","item":"https:\/\/andrea.tomitsch.net\/en\/"},{"@type":"ListItem","position":2,"name":"&#8220;ZEIT-und WERKZEUGEN&#8221; K\u00fcnstlerhaus Graz"}]},{"@type":"WebSite","@id":"https:\/\/andrea.tomitsch.net\/#website","url":"https:\/\/andrea.tomitsch.net\/","name":"Andrea R Tomitsch","description":"Painter and New media artist","publisher":{"@id":"https:\/\/andrea.tomitsch.net\/#\/schema\/person\/b9c1de17bd1ee0c8845978dc09118d0a"},"potentialAction":[{"@type":"SearchAction","target":{"@type":"EntryPoint","urlTemplate":"https:\/\/andrea.tomitsch.net\/?s={search_term_string}"},"query-input":{"@type":"PropertyValueSpecification","valueRequired":true,"valueName":"search_term_string"}}],"inLanguage":"en-US"},{"@type":["Person","Organization"],"@id":"https:\/\/andrea.tomitsch.net\/#\/schema\/person\/b9c1de17bd1ee0c8845978dc09118d0a","name":"Andrea R Tomitsch","image":{"@type":"ImageObject","inLanguage":"en-US","@id":"https:\/\/i0.wp.com\/andrea.tomitsch.net\/wp-content\/uploads\/2017\/02\/cropped-logo.png?fit=131%2C55&ssl=1","url":"https:\/\/i0.wp.com\/andrea.tomitsch.net\/wp-content\/uploads\/2017\/02\/cropped-logo.png?fit=131%2C55&ssl=1","contentUrl":"https:\/\/i0.wp.com\/andrea.tomitsch.net\/wp-content\/uploads\/2017\/02\/cropped-logo.png?fit=131%2C55&ssl=1","width":131,"height":55,"caption":"Andrea R Tomitsch"},"logo":{"@id":"https:\/\/i0.wp.com\/andrea.tomitsch.net\/wp-content\/uploads\/2017\/02\/cropped-logo.png?fit=131%2C55&ssl=1"},"sameAs":["https:\/\/andrea.tomitsch.net"]}]}},"jetpack_featured_media_url":"https:\/\/i0.wp.com\/andrea.tomitsch.net\/wp-content\/uploads\/2018\/05\/Werkzeugen.jpg?fit=2000%2C1125&ssl=1","jetpack_sharing_enabled":true,"jetpack_shortlink":"https:\/\/wp.me\/p8rqqN-kY","_links":{"self":[{"href":"https:\/\/andrea.tomitsch.net\/en\/wp-json\/wp\/v2\/posts\/1300","targetHints":{"allow":["GET"]}}],"collection":[{"href":"https:\/\/andrea.tomitsch.net\/en\/wp-json\/wp\/v2\/posts"}],"about":[{"href":"https:\/\/andrea.tomitsch.net\/en\/wp-json\/wp\/v2\/types\/post"}],"author":[{"embeddable":true,"href":"https:\/\/andrea.tomitsch.net\/en\/wp-json\/wp\/v2\/users\/1"}],"replies":[{"embeddable":true,"href":"https:\/\/andrea.tomitsch.net\/en\/wp-json\/wp\/v2\/comments?post=1300"}],"version-history":[{"count":14,"href":"https:\/\/andrea.tomitsch.net\/en\/wp-json\/wp\/v2\/posts\/1300\/revisions"}],"predecessor-version":[{"id":5675,"href":"https:\/\/andrea.tomitsch.net\/en\/wp-json\/wp\/v2\/posts\/1300\/revisions\/5675"}],"wp:featuredmedia":[{"embeddable":true,"href":"https:\/\/andrea.tomitsch.net\/en\/wp-json\/wp\/v2\/media\/1299"}],"wp:attachment":[{"href":"https:\/\/andrea.tomitsch.net\/en\/wp-json\/wp\/v2\/media?parent=1300"}],"wp:term":[{"taxonomy":"category","embeddable":true,"href":"https:\/\/andrea.tomitsch.net\/en\/wp-json\/wp\/v2\/categories?post=1300"},{"taxonomy":"post_tag","embeddable":true,"href":"https:\/\/andrea.tomitsch.net\/en\/wp-json\/wp\/v2\/tags?post=1300"}],"curies":[{"name":"wp","href":"https:\/\/api.w.org\/{rel}","templated":true}]}}